{"id":3273,"date":"2025-09-04T06:33:00","date_gmt":"2025-09-04T06:33:00","guid":{"rendered":"http:\/\/www.lopsssdoner.com\/index.php\/2025\/09\/04\/turkiyenin-konustugu-kan-donduran-cinayette-dikkat-ceken-ayrinti-savci-ile-katili-ayni-karede\/"},"modified":"2025-09-04T06:33:00","modified_gmt":"2025-09-04T06:33:00","slug":"turkiyenin-konustugu-kan-donduran-cinayette-dikkat-ceken-ayrinti-savci-ile-katili-ayni-karede","status":"publish","type":"post","link":"https:\/\/www.abchukuk.com\/index.php\/2025\/09\/04\/turkiyenin-konustugu-kan-donduran-cinayette-dikkat-ceken-ayrinti-savci-ile-katili-ayni-karede\/","title":{"rendered":"T\u00fcrkiye&#8217;nin konu\u015ftu\u011fu kan donduran cinayette dikkat \u00e7eken ayr\u0131nt\u0131: Savc\u0131 ile katili ayn\u0131 karede!"},"content":{"rendered":"<p>\u0130stanbul&#8217;da g\u00f6revli Cumhuriyet Savc\u0131s\u0131 Ercan Kayhan, bo\u011faz\u0131ndan b\u0131\u00e7aklanarak \u00f6ld\u00fcr\u00fcld\u00fc. Cenazesi Adli T\u0131p Kurumu Morgu\u2019na kald\u0131r\u0131ld\u0131. Olay\u0131n \u015f\u00fcphelisi 19 ya\u015f\u0131ndaki Mustafa Can G\u00fcl\u2019\u00fcn \u00fc\u00e7 ayr\u0131 su\u00e7 kayd\u0131 oldu\u011fu belirlendi. Ayr\u0131ca, Kayhan\u2019\u0131n ayn\u0131 karede yer ald\u0131\u011f\u0131 bir foto\u011fraf ortaya \u00e7\u0131kt\u0131.\u0130stanbul&#8217;da g\u00f6revli Cumhuriyet Savc\u0131s\u0131 Ercan Kayhan, bo\u011faz\u0131ndan b\u0131\u00e7aklanarak \u00f6ld\u00fcr\u00fcld\u00fc. Cenazesi Adli T\u0131p Kurumu Morgu\u2019na kald\u0131r\u0131ld\u0131. Olay\u0131n \u015f\u00fcphelisi 19 ya\u015f\u0131ndaki Mustafa Can G\u00fcl\u2019\u00fcn \u00fc\u00e7 ayr\u0131 su\u00e7 kayd\u0131 oldu\u011fu belirlendi. Ayr\u0131ca, Kayhan\u2019\u0131n ayn\u0131 karede yer ald\u0131\u011f\u0131 bir foto\u011fraf ortaya \u00e7\u0131kt\u0131.\u00a0<a href=\"https:\/\/www.cumhuriyet.com.tr\/turkiye\/turkiye-nin-konustugu-kan-donduran-cinayette-dikkat-ceken-ayrinti-savci-ile-katili-ayni-karede-2432102\" target=\"_blank\" class=\"feedzy-rss-link-icon\">Read More<\/a><\/p>","protected":false},"excerpt":{"rendered":"<p>\u0130stanbul&#8217;da g\u00f6revli Cumhuriyet Savc\u0131s\u0131 Ercan Kayhan, bo\u011faz\u0131ndan b\u0131\u00e7aklanarak \u00f6ld\u00fcr\u00fcld\u00fc. Cenazesi Adli T\u0131p Kurumu Morgu\u2019na kald\u0131r\u0131ld\u0131. Olay\u0131n \u015f\u00fcphelisi 19 ya\u015f\u0131ndaki Mustafa Can G\u00fcl\u2019\u00fcn \u00fc\u00e7 ayr\u0131 su\u00e7 kayd\u0131 oldu\u011fu belirlendi. Ayr\u0131ca, Kayhan\u2019\u0131n ayn\u0131 karede yer ald\u0131\u011f\u0131 bir foto\u011fraf ortaya \u00e7\u0131kt\u0131.\u0130stanbul&#8217;da g\u00f6revli Cumhuriyet Savc\u0131s\u0131 Ercan Kayhan, bo\u011faz\u0131ndan b\u0131\u00e7aklanarak \u00f6ld\u00fcr\u00fcld\u00fc. Cenazesi Adli T\u0131p Kurumu Morgu\u2019na kald\u0131r\u0131ld\u0131. Olay\u0131n \u015f\u00fcphelisi 19 [&hellip;]<\/p>\n","protected":false},"author":1,"featured_media":3274,"comment_status":"open","ping_status":"open","sticky":false,"template":"","format":"standard","meta":{"footnotes":"","_links_to":"","_links_to_target":""},"categories":[1],"tags":[],"class_list":["post-3273","post","type-post","status-publish","format-standard","has-post-thumbnail","hentry","category-haberler"],"_links":{"self":[{"href":"https:\/\/www.abchukuk.com\/index.php\/wp-json\/wp\/v2\/posts\/3273","targetHints":{"allow":["GET"]}}],"collection":[{"href":"https:\/\/www.abchukuk.com\/index.php\/wp-json\/wp\/v2\/posts"}],"about":[{"href":"https:\/\/www.abchukuk.com\/index.php\/wp-json\/wp\/v2\/types\/post"}],"author":[{"embeddable":true,"href":"https:\/\/www.abchukuk.com\/index.php\/wp-json\/wp\/v2\/users\/1"}],"replies":[{"embeddable":true,"href":"https:\/\/www.abchukuk.com\/index.php\/wp-json\/wp\/v2\/comments?post=3273"}],"version-history":[{"count":0,"href":"https:\/\/www.abchukuk.com\/index.php\/wp-json\/wp\/v2\/posts\/3273\/revisions"}],"wp:featuredmedia":[{"embeddable":true,"href":"https:\/\/www.abchukuk.com\/index.php\/wp-json\/wp\/v2\/media\/3274"}],"wp:attachment":[{"href":"https:\/\/www.abchukuk.com\/index.php\/wp-json\/wp\/v2\/media?parent=3273"}],"wp:term":[{"taxonomy":"category","embeddable":true,"href":"https:\/\/www.abchukuk.com\/index.php\/wp-json\/wp\/v2\/categories?post=3273"},{"taxonomy":"post_tag","embeddable":true,"href":"https:\/\/www.abchukuk.com\/index.php\/wp-json\/wp\/v2\/tags?post=3273"}],"curies":[{"name":"wp","href":"https:\/\/api.w.org\/{rel}","templated":true}]}}