{"id":3270,"date":"2025-09-04T06:37:00","date_gmt":"2025-09-04T06:37:00","guid":{"rendered":"http:\/\/www.lopsssdoner.com\/index.php\/2025\/09\/04\/ercan-kayhan-kimdir-istanbul-cumhuriyet-savcisi-ercan-kayhan-neden-olduruldu\/"},"modified":"2025-09-04T06:37:00","modified_gmt":"2025-09-04T06:37:00","slug":"ercan-kayhan-kimdir-istanbul-cumhuriyet-savcisi-ercan-kayhan-neden-olduruldu","status":"publish","type":"post","link":"https:\/\/www.abchukuk.com\/index.php\/2025\/09\/04\/ercan-kayhan-kimdir-istanbul-cumhuriyet-savcisi-ercan-kayhan-neden-olduruldu\/","title":{"rendered":"Ercan Kayhan kimdir? \u0130stanbul Cumhuriyet Savc\u0131s\u0131 Ercan Kayhan neden \u00f6ld\u00fcr\u00fcld\u00fc?"},"content":{"rendered":"<p>\u0130stanbul Adliyesi\u2019nde g\u00f6rev yapan Cumhuriyet Savc\u0131s\u0131 Ercan Kayhan, bo\u011faz\u0131 kesilerek \u00f6ld\u00fcr\u00fcld\u00fc. S\u00f6z konusu olaya ili\u015fkin \u0130stanbul Cumhuriyet Ba\u015fsavc\u0131l\u0131\u011f\u0131&#8217;ndan bir a\u00e7\u0131klama geldi. Peki, Ercan Kayhan kimdir? \u0130stanbul Cumhuriyet Savc\u0131s\u0131 Ercan Kayhan neden \u00f6ld\u00fcr\u00fcld\u00fc?\u0130stanbul Adliyesi\u2019nde g\u00f6rev yapan Cumhuriyet Savc\u0131s\u0131 Ercan Kayhan, bo\u011faz\u0131 kesilerek \u00f6ld\u00fcr\u00fcld\u00fc. S\u00f6z konusu olaya ili\u015fkin \u0130stanbul Cumhuriyet Ba\u015fsavc\u0131l\u0131\u011f\u0131&#8217;ndan bir a\u00e7\u0131klama geldi. Peki, Ercan Kayhan kimdir? \u0130stanbul Cumhuriyet Savc\u0131s\u0131 Ercan Kayhan neden \u00f6ld\u00fcr\u00fcld\u00fc?\u00a0<a href=\"https:\/\/www.cumhuriyet.com.tr\/turkiye\/ercan-kayhan-kimdir-istanbul-cumhuriyet-savcisi-ercan-kayhan-neden-olduruldu-2432105\" target=\"_blank\" class=\"feedzy-rss-link-icon\">Read More<\/a><\/p>","protected":false},"excerpt":{"rendered":"<p>\u0130stanbul Adliyesi\u2019nde g\u00f6rev yapan Cumhuriyet Savc\u0131s\u0131 Ercan Kayhan, bo\u011faz\u0131 kesilerek \u00f6ld\u00fcr\u00fcld\u00fc. S\u00f6z konusu olaya ili\u015fkin \u0130stanbul Cumhuriyet Ba\u015fsavc\u0131l\u0131\u011f\u0131&#8217;ndan bir a\u00e7\u0131klama geldi. Peki, Ercan Kayhan kimdir? \u0130stanbul Cumhuriyet Savc\u0131s\u0131 Ercan Kayhan neden \u00f6ld\u00fcr\u00fcld\u00fc?\u0130stanbul Adliyesi\u2019nde g\u00f6rev yapan Cumhuriyet Savc\u0131s\u0131 Ercan Kayhan, bo\u011faz\u0131 kesilerek \u00f6ld\u00fcr\u00fcld\u00fc. S\u00f6z konusu olaya ili\u015fkin \u0130stanbul Cumhuriyet Ba\u015fsavc\u0131l\u0131\u011f\u0131&#8217;ndan bir a\u00e7\u0131klama geldi. Peki, Ercan Kayhan [&hellip;]<\/p>\n","protected":false},"author":1,"featured_media":3271,"comment_status":"open","ping_status":"open","sticky":false,"template":"","format":"standard","meta":{"footnotes":"","_links_to":"","_links_to_target":""},"categories":[1],"tags":[],"class_list":["post-3270","post","type-post","status-publish","format-standard","has-post-thumbnail","hentry","category-haberler"],"_links":{"self":[{"href":"https:\/\/www.abchukuk.com\/index.php\/wp-json\/wp\/v2\/posts\/3270","targetHints":{"allow":["GET"]}}],"collection":[{"href":"https:\/\/www.abchukuk.com\/index.php\/wp-json\/wp\/v2\/posts"}],"about":[{"href":"https:\/\/www.abchukuk.com\/index.php\/wp-json\/wp\/v2\/types\/post"}],"author":[{"embeddable":true,"href":"https:\/\/www.abchukuk.com\/index.php\/wp-json\/wp\/v2\/users\/1"}],"replies":[{"embeddable":true,"href":"https:\/\/www.abchukuk.com\/index.php\/wp-json\/wp\/v2\/comments?post=3270"}],"version-history":[{"count":0,"href":"https:\/\/www.abchukuk.com\/index.php\/wp-json\/wp\/v2\/posts\/3270\/revisions"}],"wp:featuredmedia":[{"embeddable":true,"href":"https:\/\/www.abchukuk.com\/index.php\/wp-json\/wp\/v2\/media\/3271"}],"wp:attachment":[{"href":"https:\/\/www.abchukuk.com\/index.php\/wp-json\/wp\/v2\/media?parent=3270"}],"wp:term":[{"taxonomy":"category","embeddable":true,"href":"https:\/\/www.abchukuk.com\/index.php\/wp-json\/wp\/v2\/categories?post=3270"},{"taxonomy":"post_tag","embeddable":true,"href":"https:\/\/www.abchukuk.com\/index.php\/wp-json\/wp\/v2\/tags?post=3270"}],"curies":[{"name":"wp","href":"https:\/\/api.w.org\/{rel}","templated":true}]}}