{"id":3260,"date":"2025-09-04T04:51:53","date_gmt":"2025-09-04T04:51:53","guid":{"rendered":"http:\/\/www.lopsssdoner.com\/index.php\/2025\/09\/04\/izmirde-torununa-siddet-uygulayan-babaanne-adli-kontrol-sartiyla-serbest-birakildi\/"},"modified":"2025-09-04T04:51:53","modified_gmt":"2025-09-04T04:51:53","slug":"izmirde-torununa-siddet-uygulayan-babaanne-adli-kontrol-sartiyla-serbest-birakildi","status":"publish","type":"post","link":"https:\/\/www.abchukuk.com\/index.php\/2025\/09\/04\/izmirde-torununa-siddet-uygulayan-babaanne-adli-kontrol-sartiyla-serbest-birakildi\/","title":{"rendered":"\u0130zmir&#8217;de torununa \u015fiddet uygulayan babaanne adli kontrol \u015fart\u0131yla serbest b\u0131rak\u0131ld\u0131"},"content":{"rendered":"<p>\u0130zmir&#8217;in Konak il\u00e7esinde torununa \u015fiddet uygulad\u0131\u011f\u0131 iddias\u0131yla g\u00f6zalt\u0131na al\u0131nan kad\u0131n adli kontrol \u015fart\u0131yla serbest b\u0131rak\u0131ld\u0131. \u015eiddet g\u00f6r\u00fcnt\u00fcleri sosyal medyada payla\u015f\u0131lm\u0131\u015f ve tepkiye neden olmu\u015ftu. Aile ve Sosyal Hizmetler Bakanl\u0131\u011f\u0131, \u0130zmir&#8217;de babaannesinin \u015fiddetine maruz kalan \u00e7ocuk ile karde\u015finin devlet korumas\u0131na al\u0131nd\u0131\u011f\u0131n\u0131 bildirdi.\u0130zmir&#8217;in Konak il\u00e7esinde torununa \u015fiddet uygulad\u0131\u011f\u0131 iddias\u0131yla g\u00f6zalt\u0131na al\u0131nan kad\u0131n adli kontrol \u015fart\u0131yla serbest b\u0131rak\u0131ld\u0131. \u015eiddet g\u00f6r\u00fcnt\u00fcleri sosyal medyada payla\u015f\u0131lm\u0131\u015f ve tepkiye neden olmu\u015ftu. Aile ve Sosyal Hizmetler Bakanl\u0131\u011f\u0131, \u0130zmir&#8217;de babaannesinin \u015fiddetine maruz kalan \u00e7ocuk ile karde\u015finin devlet korumas\u0131na al\u0131nd\u0131\u011f\u0131n\u0131 bildirdi.\u00a0<a href=\"https:\/\/anlatilaninotesi.com.tr\/20250904\/izmirde-torununa-siddet-uygulayan-babaanne-adli-kontrol-sartiyla-serbest-birakildi-1099085186.html\" target=\"_blank\" class=\"feedzy-rss-link-icon\">Read More<\/a><\/p>","protected":false},"excerpt":{"rendered":"<p>\u0130zmir&#8217;in Konak il\u00e7esinde torununa \u015fiddet uygulad\u0131\u011f\u0131 iddias\u0131yla g\u00f6zalt\u0131na al\u0131nan kad\u0131n adli kontrol \u015fart\u0131yla serbest b\u0131rak\u0131ld\u0131. \u015eiddet g\u00f6r\u00fcnt\u00fcleri sosyal medyada payla\u015f\u0131lm\u0131\u015f ve tepkiye neden olmu\u015ftu. Aile ve Sosyal Hizmetler Bakanl\u0131\u011f\u0131, \u0130zmir&#8217;de babaannesinin \u015fiddetine maruz kalan \u00e7ocuk ile karde\u015finin devlet korumas\u0131na al\u0131nd\u0131\u011f\u0131n\u0131 bildirdi.\u0130zmir&#8217;in Konak il\u00e7esinde torununa \u015fiddet uygulad\u0131\u011f\u0131 iddias\u0131yla g\u00f6zalt\u0131na al\u0131nan kad\u0131n adli kontrol \u015fart\u0131yla serbest b\u0131rak\u0131ld\u0131. [&hellip;]<\/p>\n","protected":false},"author":1,"featured_media":0,"comment_status":"open","ping_status":"open","sticky":false,"template":"","format":"standard","meta":{"footnotes":"","_links_to":"","_links_to_target":""},"categories":[1],"tags":[],"class_list":["post-3260","post","type-post","status-publish","format-standard","hentry","category-haberler"],"_links":{"self":[{"href":"https:\/\/www.abchukuk.com\/index.php\/wp-json\/wp\/v2\/posts\/3260","targetHints":{"allow":["GET"]}}],"collection":[{"href":"https:\/\/www.abchukuk.com\/index.php\/wp-json\/wp\/v2\/posts"}],"about":[{"href":"https:\/\/www.abchukuk.com\/index.php\/wp-json\/wp\/v2\/types\/post"}],"author":[{"embeddable":true,"href":"https:\/\/www.abchukuk.com\/index.php\/wp-json\/wp\/v2\/users\/1"}],"replies":[{"embeddable":true,"href":"https:\/\/www.abchukuk.com\/index.php\/wp-json\/wp\/v2\/comments?post=3260"}],"version-history":[{"count":0,"href":"https:\/\/www.abchukuk.com\/index.php\/wp-json\/wp\/v2\/posts\/3260\/revisions"}],"wp:attachment":[{"href":"https:\/\/www.abchukuk.com\/index.php\/wp-json\/wp\/v2\/media?parent=3260"}],"wp:term":[{"taxonomy":"category","embeddable":true,"href":"https:\/\/www.abchukuk.com\/index.php\/wp-json\/wp\/v2\/categories?post=3260"},{"taxonomy":"post_tag","embeddable":true,"href":"https:\/\/www.abchukuk.com\/index.php\/wp-json\/wp\/v2\/tags?post=3260"}],"curies":[{"name":"wp","href":"https:\/\/api.w.org\/{rel}","templated":true}]}}