{"id":3256,"date":"2025-09-04T05:34:00","date_gmt":"2025-09-04T05:34:00","guid":{"rendered":"http:\/\/www.lopsssdoner.com\/index.php\/2025\/09\/04\/turkiyenin-konustugu-cinayette-yeni-ayrintilar-savci-ercan-kayhan-19-yasindaki-katili-ile-ayni-karede\/"},"modified":"2025-09-04T05:34:00","modified_gmt":"2025-09-04T05:34:00","slug":"turkiyenin-konustugu-cinayette-yeni-ayrintilar-savci-ercan-kayhan-19-yasindaki-katili-ile-ayni-karede","status":"publish","type":"post","link":"https:\/\/www.abchukuk.com\/index.php\/2025\/09\/04\/turkiyenin-konustugu-cinayette-yeni-ayrintilar-savci-ercan-kayhan-19-yasindaki-katili-ile-ayni-karede\/","title":{"rendered":"T\u00fcrkiye&#8217;nin konu\u015ftu\u011fu cinayette yeni ayr\u0131nt\u0131lar: Savc\u0131 Ercan Kayhan 19 ya\u015f\u0131ndaki katili ile ayn\u0131 karede"},"content":{"rendered":"<p>D\u00fcn ak\u015fam saatlerinde \u00c7ekmek\u00f6y\u2019de bulunan bir restorana gelen Cumhuriyet Savc\u0131s\u0131 Ercan Kayhan (58) u\u011frad\u0131\u011f\u0131 b\u0131\u00e7akl\u0131 sald\u0131r\u0131 sonucu hayat\u0131n\u0131 kaybetti. Kayhan&#8217;\u0131n 19 ya\u015f\u0131ndaki katili ile ayn\u0131 karede bir foto\u011fraf\u0131 ortaya \u00e7\u0131karken, sald\u0131rgan\u0131n \u00fc\u00e7 farkl\u0131 su\u00e7tan kayd\u0131 oldu\u011fu ve bu y\u0131l ba\u015f\u0131nda hapisten \u00e7\u0131kt\u0131\u011f\u0131 \u00f6\u011frenildi.D\u00fcn ak\u015fam saatlerinde \u00c7ekmek\u00f6y\u2019de bulunan bir restorana gelen Cumhuriyet Savc\u0131s\u0131 Ercan Kayhan (58) u\u011frad\u0131\u011f\u0131 b\u0131\u00e7akl\u0131 sald\u0131r\u0131 sonucu hayat\u0131n\u0131 kaybetti. Kayhan&#8217;\u0131n 19 ya\u015f\u0131ndaki katili ile ayn\u0131 karede bir foto\u011fraf\u0131 ortaya \u00e7\u0131karken, sald\u0131rgan\u0131n \u00fc\u00e7 farkl\u0131 su\u00e7tan kayd\u0131 oldu\u011fu ve bu y\u0131l ba\u015f\u0131nda hapisten \u00e7\u0131kt\u0131\u011f\u0131 \u00f6\u011frenildi.\u00a0<a href=\"https:\/\/www.dunya.com\/gundem\/turkiyenin-konustugu-cinayette-yeni-ayrintilar-savci-ercan-kayhan-19-yasindaki-katili-ile-ayni-karede-haberi-792589\" target=\"_blank\" class=\"feedzy-rss-link-icon\">Read More<\/a><\/p>","protected":false},"excerpt":{"rendered":"<p>D\u00fcn ak\u015fam saatlerinde \u00c7ekmek\u00f6y\u2019de bulunan bir restorana gelen Cumhuriyet Savc\u0131s\u0131 Ercan Kayhan (58) u\u011frad\u0131\u011f\u0131 b\u0131\u00e7akl\u0131 sald\u0131r\u0131 sonucu hayat\u0131n\u0131 kaybetti. Kayhan&#8217;\u0131n 19 ya\u015f\u0131ndaki katili ile ayn\u0131 karede bir foto\u011fraf\u0131 ortaya \u00e7\u0131karken, sald\u0131rgan\u0131n \u00fc\u00e7 farkl\u0131 su\u00e7tan kayd\u0131 oldu\u011fu ve bu y\u0131l ba\u015f\u0131nda hapisten \u00e7\u0131kt\u0131\u011f\u0131 \u00f6\u011frenildi.D\u00fcn ak\u015fam saatlerinde \u00c7ekmek\u00f6y\u2019de bulunan bir restorana gelen Cumhuriyet Savc\u0131s\u0131 Ercan Kayhan (58) [&hellip;]<\/p>\n","protected":false},"author":1,"featured_media":3257,"comment_status":"open","ping_status":"open","sticky":false,"template":"","format":"standard","meta":{"footnotes":"","_links_to":"","_links_to_target":""},"categories":[1],"tags":[],"class_list":["post-3256","post","type-post","status-publish","format-standard","has-post-thumbnail","hentry","category-haberler"],"_links":{"self":[{"href":"https:\/\/www.abchukuk.com\/index.php\/wp-json\/wp\/v2\/posts\/3256","targetHints":{"allow":["GET"]}}],"collection":[{"href":"https:\/\/www.abchukuk.com\/index.php\/wp-json\/wp\/v2\/posts"}],"about":[{"href":"https:\/\/www.abchukuk.com\/index.php\/wp-json\/wp\/v2\/types\/post"}],"author":[{"embeddable":true,"href":"https:\/\/www.abchukuk.com\/index.php\/wp-json\/wp\/v2\/users\/1"}],"replies":[{"embeddable":true,"href":"https:\/\/www.abchukuk.com\/index.php\/wp-json\/wp\/v2\/comments?post=3256"}],"version-history":[{"count":0,"href":"https:\/\/www.abchukuk.com\/index.php\/wp-json\/wp\/v2\/posts\/3256\/revisions"}],"wp:featuredmedia":[{"embeddable":true,"href":"https:\/\/www.abchukuk.com\/index.php\/wp-json\/wp\/v2\/media\/3257"}],"wp:attachment":[{"href":"https:\/\/www.abchukuk.com\/index.php\/wp-json\/wp\/v2\/media?parent=3256"}],"wp:term":[{"taxonomy":"category","embeddable":true,"href":"https:\/\/www.abchukuk.com\/index.php\/wp-json\/wp\/v2\/categories?post=3256"},{"taxonomy":"post_tag","embeddable":true,"href":"https:\/\/www.abchukuk.com\/index.php\/wp-json\/wp\/v2\/tags?post=3256"}],"curies":[{"name":"wp","href":"https:\/\/api.w.org\/{rel}","templated":true}]}}