{"id":3252,"date":"2025-09-04T06:19:00","date_gmt":"2025-09-04T06:19:00","guid":{"rendered":"http:\/\/www.lopsssdoner.com\/index.php\/2025\/09\/04\/chpli-berna-ozgul-bakan-tunca-sordu-savcinin-katili-de-ayni-gerekceyle-25-yil-mi-alacak\/"},"modified":"2025-09-04T06:19:00","modified_gmt":"2025-09-04T06:19:00","slug":"chpli-berna-ozgul-bakan-tunca-sordu-savcinin-katili-de-ayni-gerekceyle-25-yil-mi-alacak","status":"publish","type":"post","link":"https:\/\/www.abchukuk.com\/index.php\/2025\/09\/04\/chpli-berna-ozgul-bakan-tunca-sordu-savcinin-katili-de-ayni-gerekceyle-25-yil-mi-alacak\/","title":{"rendered":"CHP&#8217;li Berna \u00d6zg\u00fcl, Bakan Tun\u00e7&#8217;a sordu: Savc\u0131n\u0131n katili de ayn\u0131 gerek\u00e7eyle 25 y\u0131l m\u0131 alacak?"},"content":{"rendered":"<p>CHP Parti Meclisi \u00dcyesi Berna \u00d6zg\u00fcl, &#8220;Motokurye Samet \u00d6zg\u00fcl de 19 ya\u015f\u0131ndaki tan\u0131mad\u0131\u011f\u0131 ki\u015fi taraf\u0131ndan 10 saniye i\u00e7erisinde bo\u011faz\u0131 kesilerek katledilmi\u015fti. Ama Samet\u2019in katili \u201cpi\u015fman\u0131m\u201d dedi\u011fi i\u00e7in m\u00fcebbet yerine 25 y\u0131l ald\u0131. \u015eimdi soruyorum: Savc\u0131n\u0131n katili de ayn\u0131 gerek\u00e7eyle 25 y\u0131l m\u0131 alacak, yoksa ger\u00e7ek adalet yerini mi bulacak?&#8221; dedi.CHP Parti Meclisi \u00dcyesi Berna \u00d6zg\u00fcl, &#8220;Motokurye Samet \u00d6zg\u00fcl de 19 ya\u015f\u0131ndaki tan\u0131mad\u0131\u011f\u0131 ki\u015fi taraf\u0131ndan 10 saniye i\u00e7erisinde bo\u011faz\u0131 kesilerek katledilmi\u015fti. Ama Samet\u2019in katili \u201cpi\u015fman\u0131m\u201d dedi\u011fi i\u00e7in m\u00fcebbet yerine 25 y\u0131l ald\u0131. \u015eimdi soruyorum: Savc\u0131n\u0131n katili de ayn\u0131 gerek\u00e7eyle 25 y\u0131l m\u0131 alacak, yoksa ger\u00e7ek adalet yerini mi bulacak?&#8221; dedi.\u00a0<a href=\"https:\/\/www.cumhuriyet.com.tr\/turkiye\/chp-li-berna-ozgul-bakan-tunc-a-sordu-savcinin-katili-de-ayni-gerekceyle-25-yil-mi-alacak-2432095\" target=\"_blank\" class=\"feedzy-rss-link-icon\">Read More<\/a><\/p>","protected":false},"excerpt":{"rendered":"<p>CHP Parti Meclisi \u00dcyesi Berna \u00d6zg\u00fcl, &#8220;Motokurye Samet \u00d6zg\u00fcl de 19 ya\u015f\u0131ndaki tan\u0131mad\u0131\u011f\u0131 ki\u015fi taraf\u0131ndan 10 saniye i\u00e7erisinde bo\u011faz\u0131 kesilerek katledilmi\u015fti. Ama Samet\u2019in katili \u201cpi\u015fman\u0131m\u201d dedi\u011fi i\u00e7in m\u00fcebbet yerine 25 y\u0131l ald\u0131. \u015eimdi soruyorum: Savc\u0131n\u0131n katili de ayn\u0131 gerek\u00e7eyle 25 y\u0131l m\u0131 alacak, yoksa ger\u00e7ek adalet yerini mi bulacak?&#8221; dedi.CHP Parti Meclisi \u00dcyesi Berna \u00d6zg\u00fcl, [&hellip;]<\/p>\n","protected":false},"author":1,"featured_media":3253,"comment_status":"open","ping_status":"open","sticky":false,"template":"","format":"standard","meta":{"footnotes":"","_links_to":"","_links_to_target":""},"categories":[1],"tags":[],"class_list":["post-3252","post","type-post","status-publish","format-standard","has-post-thumbnail","hentry","category-haberler"],"_links":{"self":[{"href":"https:\/\/www.abchukuk.com\/index.php\/wp-json\/wp\/v2\/posts\/3252","targetHints":{"allow":["GET"]}}],"collection":[{"href":"https:\/\/www.abchukuk.com\/index.php\/wp-json\/wp\/v2\/posts"}],"about":[{"href":"https:\/\/www.abchukuk.com\/index.php\/wp-json\/wp\/v2\/types\/post"}],"author":[{"embeddable":true,"href":"https:\/\/www.abchukuk.com\/index.php\/wp-json\/wp\/v2\/users\/1"}],"replies":[{"embeddable":true,"href":"https:\/\/www.abchukuk.com\/index.php\/wp-json\/wp\/v2\/comments?post=3252"}],"version-history":[{"count":0,"href":"https:\/\/www.abchukuk.com\/index.php\/wp-json\/wp\/v2\/posts\/3252\/revisions"}],"wp:featuredmedia":[{"embeddable":true,"href":"https:\/\/www.abchukuk.com\/index.php\/wp-json\/wp\/v2\/media\/3253"}],"wp:attachment":[{"href":"https:\/\/www.abchukuk.com\/index.php\/wp-json\/wp\/v2\/media?parent=3252"}],"wp:term":[{"taxonomy":"category","embeddable":true,"href":"https:\/\/www.abchukuk.com\/index.php\/wp-json\/wp\/v2\/categories?post=3252"},{"taxonomy":"post_tag","embeddable":true,"href":"https:\/\/www.abchukuk.com\/index.php\/wp-json\/wp\/v2\/tags?post=3252"}],"curies":[{"name":"wp","href":"https:\/\/api.w.org\/{rel}","templated":true}]}}