{"id":3237,"date":"2025-09-03T20:30:42","date_gmt":"2025-09-03T20:30:42","guid":{"rendered":"http:\/\/www.lopsssdoner.com\/index.php\/2025\/09\/03\/istanbul-cumhuriyet-savcisi-ercan-kayhan-cekmekoyde-olduruldu\/"},"modified":"2025-09-03T20:30:42","modified_gmt":"2025-09-03T20:30:42","slug":"istanbul-cumhuriyet-savcisi-ercan-kayhan-cekmekoyde-olduruldu","status":"publish","type":"post","link":"https:\/\/www.abchukuk.com\/index.php\/2025\/09\/03\/istanbul-cumhuriyet-savcisi-ercan-kayhan-cekmekoyde-olduruldu\/","title":{"rendered":"\u0130stanbul Cumhuriyet Savc\u0131s\u0131 Ercan Kayhan \u00c7ekmek\u00f6y&#8217;de \u00f6ld\u00fcr\u00fcld\u00fc"},"content":{"rendered":"<p>Savc\u0131 Ercan Kayhan&#8217;\u0131n, aralar\u0131nda husumet oldu\u011fu \u00f6ne s\u00fcr\u00fclen 19 ya\u015f\u0131ndaki M.C.G. taraf\u0131ndan sald\u0131r\u0131ya u\u011frad\u0131\u011f\u0131 belirtildi.Savc\u0131 Ercan Kayhan&#8217;\u0131n, aralar\u0131nda husumet oldu\u011fu \u00f6ne s\u00fcr\u00fclen 19 ya\u015f\u0131ndaki M.C.G. taraf\u0131ndan sald\u0131r\u0131ya u\u011frad\u0131\u011f\u0131 belirtildi.\u00a0<a href=\"https:\/\/tr.euronews.com\/2025\/09\/03\/istanbul-cumhuriyet-savcisi-ercan-kayhan-cekmekoyde-olduruldu\" target=\"_blank\" class=\"feedzy-rss-link-icon\">Read More<\/a><\/p>","protected":false},"excerpt":{"rendered":"<p>Savc\u0131 Ercan Kayhan&#8217;\u0131n, aralar\u0131nda husumet oldu\u011fu \u00f6ne s\u00fcr\u00fclen 19 ya\u015f\u0131ndaki M.C.G. taraf\u0131ndan sald\u0131r\u0131ya u\u011frad\u0131\u011f\u0131 belirtildi.Savc\u0131 Ercan Kayhan&#8217;\u0131n, aralar\u0131nda husumet oldu\u011fu \u00f6ne s\u00fcr\u00fclen 19 ya\u015f\u0131ndaki M.C.G. taraf\u0131ndan sald\u0131r\u0131ya u\u011frad\u0131\u011f\u0131 belirtildi.\u00a0Read More<\/p>\n","protected":false},"author":1,"featured_media":0,"comment_status":"open","ping_status":"open","sticky":false,"template":"","format":"standard","meta":{"footnotes":"","_links_to":"","_links_to_target":""},"categories":[1],"tags":[],"class_list":["post-3237","post","type-post","status-publish","format-standard","hentry","category-haberler"],"_links":{"self":[{"href":"https:\/\/www.abchukuk.com\/index.php\/wp-json\/wp\/v2\/posts\/3237","targetHints":{"allow":["GET"]}}],"collection":[{"href":"https:\/\/www.abchukuk.com\/index.php\/wp-json\/wp\/v2\/posts"}],"about":[{"href":"https:\/\/www.abchukuk.com\/index.php\/wp-json\/wp\/v2\/types\/post"}],"author":[{"embeddable":true,"href":"https:\/\/www.abchukuk.com\/index.php\/wp-json\/wp\/v2\/users\/1"}],"replies":[{"embeddable":true,"href":"https:\/\/www.abchukuk.com\/index.php\/wp-json\/wp\/v2\/comments?post=3237"}],"version-history":[{"count":0,"href":"https:\/\/www.abchukuk.com\/index.php\/wp-json\/wp\/v2\/posts\/3237\/revisions"}],"wp:attachment":[{"href":"https:\/\/www.abchukuk.com\/index.php\/wp-json\/wp\/v2\/media?parent=3237"}],"wp:term":[{"taxonomy":"category","embeddable":true,"href":"https:\/\/www.abchukuk.com\/index.php\/wp-json\/wp\/v2\/categories?post=3237"},{"taxonomy":"post_tag","embeddable":true,"href":"https:\/\/www.abchukuk.com\/index.php\/wp-json\/wp\/v2\/tags?post=3237"}],"curies":[{"name":"wp","href":"https:\/\/api.w.org\/{rel}","templated":true}]}}