{"id":3234,"date":"2025-09-03T20:46:37","date_gmt":"2025-09-03T20:46:37","guid":{"rendered":"http:\/\/www.lopsssdoner.com\/index.php\/2025\/09\/03\/iste-savci-kayhani-olduren-katilin-fotografi\/"},"modified":"2025-09-03T20:46:37","modified_gmt":"2025-09-03T20:46:37","slug":"iste-savci-kayhani-olduren-katilin-fotografi","status":"publish","type":"post","link":"https:\/\/www.abchukuk.com\/index.php\/2025\/09\/03\/iste-savci-kayhani-olduren-katilin-fotografi\/","title":{"rendered":"\u0130\u015fte savc\u0131 Kayhan\u2019\u0131 \u00f6ld\u00fcren katilin foto\u011fraf\u0131"},"content":{"rendered":"<p>\u00c7a\u011flayan Adliyesi\u2019nde g\u00f6rev yapan Cumhuriyet Savc\u0131s\u0131 Ercan Kayhan, \u00c7ekmek\u00f6y\u2019de bir restoranda u\u011frad\u0131\u011f\u0131 b\u0131\u00e7akl\u0131 sald\u0131r\u0131 sonucu hayat\u0131n\u0131 kaybetti. Kayhan\u2019\u0131n \u00f6l\u00fcm\u00fc, hukuk camias\u0131nda ve toplumda b\u00fcy\u00fck yank\u0131 uyand\u0131rd\u0131.<\/p>\n<p><img loading=\"lazy\" decoding=\"async\" loading=\"lazy\" class=\"alignnone size-full wp-image-162665\" src=\"https:\/\/www.son.tv\/wp-content\/uploads\/2025\/09\/IMG_7741.webp\" alt=\"\" width=\"869\" height=\"477\" \/><\/p>\n<p>\u015e\u00dcPHEL\u0130 YAKALANDI<\/p>\n<p>Olay\u0131n ard\u0131ndan sald\u0131r\u0131y\u0131 ger\u00e7ekle\u015ftirdi\u011fi belirlenen 19 ya\u015f\u0131ndaki Mustafa Can G\u00fcl, g\u00fcvenlik g\u00fc\u00e7leri taraf\u0131ndan olay yerinde yakalanarak g\u00f6zalt\u0131na al\u0131nd\u0131.<\/p>\n<p><img loading=\"lazy\" decoding=\"async\" loading=\"lazy\" class=\"alignnone size-large wp-image-162681\" src=\"https:\/\/www.son.tv\/wp-content\/uploads\/2025\/09\/511f528e-b4f4-40c6-a38e-188c911aa590-1-1024x779.jpeg\" alt=\"\" width=\"1024\" height=\"779\" \/><\/p>\n<p>SORU\u015eTURMA BA\u015eLATILDI<\/p>\n<p>\u0130stanbul Anadolu Cumhuriyet Ba\u015fsavc\u0131l\u0131\u011f\u0131, olayla ilgili soru\u015fturma ba\u015flatt\u0131. Ba\u015fsavc\u0131l\u0131k taraf\u0131ndan bir Ba\u015fsavc\u0131 vekili ve bir Cumhuriyet savc\u0131s\u0131 g\u00f6revlendirildi.<\/p>\n<p>Adalet Bakan\u0131 Y\u0131lmaz Tun\u00e7 ise \u015fu a\u00e7\u0131klamay\u0131 yapt\u0131:<\/p>\n<p>stanbul Cumhuriyet Ba\u015fsavc\u0131l\u0131\u011f\u0131nda g\u00f6revli Cumhuriyet Savc\u0131s\u0131 Ercan Kayhan\u2019\u0131n \u00c7ekmek\u00f6y il\u00e7esi \u00d6merli Mahallesinde bulunan bir i\u015fletmede u\u011frad\u0131\u011f\u0131 b\u0131\u00e7akl\u0131 sald\u0131r\u0131 sonucu hayat\u0131n\u0131 kaybetmesi hepimizi derinden \u00fczm\u00fc\u015ft\u00fcr.<\/p>\n<p>Cumhuriyet Savc\u0131m\u0131za Allah\u2019tan rahmet; ailesine, yak\u0131nlar\u0131na ve yarg\u0131 camiam\u0131za ba\u015fsa\u011fl\u0131\u011f\u0131 ve sab\u0131r diliyorum.<\/p>\n<p>Sald\u0131rgan g\u00f6zalt\u0131na al\u0131nm\u0131\u015f olup, olayla ilgili \u0130stanbul Anadolu Cumhuriyet Ba\u015fsavc\u0131l\u0131\u011f\u0131nca ba\u015flat\u0131lan adli soru\u015fturma \u00e7ok y\u00f6nl\u00fc olarak s\u00fcrd\u00fcr\u00fclmektedir.<\/p>\n<p><img loading=\"lazy\" decoding=\"async\" loading=\"lazy\" class=\"alignnone size-full wp-image-162682\" src=\"https:\/\/www.son.tv\/wp-content\/uploads\/2025\/09\/7bb4f01b-9eb8-41e7-a6cb-323fd4a96a2f-3.jpeg\" alt=\"\" width=\"167\" height=\"276\" \/><\/p>\n<p>\u0130\u015eTE KAT\u0130L\u0130N FOTOGRAFI<br \/>\nSavc\u0131 Kayhan\u2019\u0131 hayattan koparan 19 ya\u015f\u0131ndaki \u015f\u00fcpheli Mustafa Can G\u00fcl\u2019\u00fcn fotograf\u0131.<\/p>\n<p><img loading=\"lazy\" decoding=\"async\" loading=\"lazy\" class=\"alignnone size-full wp-image-162679\" src=\"https:\/\/www.son.tv\/wp-content\/uploads\/2025\/09\/9d998ffb-af60-4155-a82f-50cc44ff2dee-1.jpeg\" alt=\"\" width=\"1024\" height=\"1024\" \/><\/p>\n<p><img loading=\"lazy\" decoding=\"async\" loading=\"lazy\" class=\"alignnone size-large wp-image-162684\" src=\"https:\/\/www.son.tv\/wp-content\/uploads\/2025\/09\/612c7b9c-d734-4299-abb7-4efc5c9efdef-683x1024.jpeg\" alt=\"\" width=\"683\" height=\"1024\" \/><\/p>\n<p>KAYNAK: SABAH<\/p>\n<p>\u00c7a\u011flayan Adliyesi\u2019nde g\u00f6rev yapan Cumhuriyet Savc\u0131s\u0131 Ercan Kayhan, \u00c7ekmek\u00f6y\u2019de u\u011frad\u0131\u011f\u0131 b\u0131\u00e7akl\u0131 sald\u0131r\u0131 sonucu ya\u015fam\u0131n\u0131 yitirdi. \u0130\u015fte savc\u0131 Kayhan\u2019\u0131 hayattan koparan 19 ya\u015f\u0131ndaki \u015f\u00fcphelinin foto\u011fraf\u0131.\u00a0<a href=\"https:\/\/www.son.tv\/iste-savci-kayhani-olduren-katilin-fotografi\/\" target=\"_blank\" class=\"feedzy-rss-link-icon\">Read More<\/a><\/p>","protected":false},"excerpt":{"rendered":"<p>\u00c7a\u011flayan Adliyesi\u2019nde g\u00f6rev yapan Cumhuriyet Savc\u0131s\u0131 Ercan Kayhan, \u00c7ekmek\u00f6y\u2019de bir restoranda u\u011frad\u0131\u011f\u0131 b\u0131\u00e7akl\u0131 sald\u0131r\u0131 sonucu hayat\u0131n\u0131 kaybetti. Kayhan\u2019\u0131n \u00f6l\u00fcm\u00fc, hukuk camias\u0131nda ve toplumda b\u00fcy\u00fck yank\u0131 uyand\u0131rd\u0131. \u015e\u00dcPHEL\u0130 YAKALANDI Olay\u0131n ard\u0131ndan sald\u0131r\u0131y\u0131 ger\u00e7ekle\u015ftirdi\u011fi belirlenen 19 ya\u015f\u0131ndaki Mustafa Can G\u00fcl, g\u00fcvenlik g\u00fc\u00e7leri taraf\u0131ndan olay yerinde yakalanarak g\u00f6zalt\u0131na al\u0131nd\u0131. SORU\u015eTURMA BA\u015eLATILDI \u0130stanbul Anadolu Cumhuriyet Ba\u015fsavc\u0131l\u0131\u011f\u0131, olayla ilgili soru\u015fturma [&hellip;]<\/p>\n","protected":false},"author":1,"featured_media":3235,"comment_status":"open","ping_status":"open","sticky":false,"template":"","format":"standard","meta":{"footnotes":"","_links_to":"","_links_to_target":""},"categories":[1],"tags":[],"class_list":["post-3234","post","type-post","status-publish","format-standard","has-post-thumbnail","hentry","category-haberler"],"_links":{"self":[{"href":"https:\/\/www.abchukuk.com\/index.php\/wp-json\/wp\/v2\/posts\/3234","targetHints":{"allow":["GET"]}}],"collection":[{"href":"https:\/\/www.abchukuk.com\/index.php\/wp-json\/wp\/v2\/posts"}],"about":[{"href":"https:\/\/www.abchukuk.com\/index.php\/wp-json\/wp\/v2\/types\/post"}],"author":[{"embeddable":true,"href":"https:\/\/www.abchukuk.com\/index.php\/wp-json\/wp\/v2\/users\/1"}],"replies":[{"embeddable":true,"href":"https:\/\/www.abchukuk.com\/index.php\/wp-json\/wp\/v2\/comments?post=3234"}],"version-history":[{"count":0,"href":"https:\/\/www.abchukuk.com\/index.php\/wp-json\/wp\/v2\/posts\/3234\/revisions"}],"wp:featuredmedia":[{"embeddable":true,"href":"https:\/\/www.abchukuk.com\/index.php\/wp-json\/wp\/v2\/media\/3235"}],"wp:attachment":[{"href":"https:\/\/www.abchukuk.com\/index.php\/wp-json\/wp\/v2\/media?parent=3234"}],"wp:term":[{"taxonomy":"category","embeddable":true,"href":"https:\/\/www.abchukuk.com\/index.php\/wp-json\/wp\/v2\/categories?post=3234"},{"taxonomy":"post_tag","embeddable":true,"href":"https:\/\/www.abchukuk.com\/index.php\/wp-json\/wp\/v2\/tags?post=3234"}],"curies":[{"name":"wp","href":"https:\/\/api.w.org\/{rel}","templated":true}]}}