{"id":3233,"date":"2025-09-03T20:46:57","date_gmt":"2025-09-03T20:46:57","guid":{"rendered":"http:\/\/www.lopsssdoner.com\/index.php\/2025\/09\/03\/istanbul-cumhuriyet-savcisi-saldirida-hayatini-kaybetti\/"},"modified":"2025-09-03T20:46:57","modified_gmt":"2025-09-03T20:46:57","slug":"istanbul-cumhuriyet-savcisi-saldirida-hayatini-kaybetti","status":"publish","type":"post","link":"https:\/\/www.abchukuk.com\/index.php\/2025\/09\/03\/istanbul-cumhuriyet-savcisi-saldirida-hayatini-kaybetti\/","title":{"rendered":"\u0130stanbul Cumhuriyet Savc\u0131s\u0131 sald\u0131r\u0131da hayat\u0131n\u0131 kaybetti"},"content":{"rendered":"<p>\u0130stanbul \u00c7ekmek\u00f6y&#8217;de b\u0131\u00e7akl\u0131 sald\u0131r\u0131ya u\u011frayan Cumhuriyet Savc\u0131s\u0131 Ercan Kayhan hayat\u0131n\u0131 kaybetti. Zanl\u0131 jandarma taraf\u0131ndan g\u00f6zalt\u0131na al\u0131nd\u0131. Katil zanl\u0131s\u0131n\u0131n restoranda daha \u00f6nce garson olarak \u00e7al\u0131\u015ft\u0131\u011f\u0131 \u00f6\u011frenildi. \u0130stanbul Valili\u011fi olayla ilgili \u00e7ok y\u00f6nl\u00fc soru\u015fturma ba\u015flatt\u0131\u0130stanbul \u00c7ekmek\u00f6y&#8217;de b\u0131\u00e7akl\u0131 sald\u0131r\u0131ya u\u011frayan Cumhuriyet Savc\u0131s\u0131 Ercan Kayhan hayat\u0131n\u0131 kaybetti. Zanl\u0131 jandarma taraf\u0131ndan g\u00f6zalt\u0131na al\u0131nd\u0131. Katil zanl\u0131s\u0131n\u0131n restoranda daha \u00f6nce garson olarak \u00e7al\u0131\u015ft\u0131\u011f\u0131 \u00f6\u011frenildi. \u0130stanbul Valili\u011fi olayla ilgili \u00e7ok y\u00f6nl\u00fc soru\u015fturma ba\u015flatt\u0131\u00a0<a href=\"https:\/\/www.haberturk.com\/istanbul-cumhuriyet-savcisi-saldiriya-ugradi-3819779\" target=\"_blank\" class=\"feedzy-rss-link-icon\">Read More<\/a><\/p>","protected":false},"excerpt":{"rendered":"<p>\u0130stanbul \u00c7ekmek\u00f6y&#8217;de b\u0131\u00e7akl\u0131 sald\u0131r\u0131ya u\u011frayan Cumhuriyet Savc\u0131s\u0131 Ercan Kayhan hayat\u0131n\u0131 kaybetti. Zanl\u0131 jandarma taraf\u0131ndan g\u00f6zalt\u0131na al\u0131nd\u0131. Katil zanl\u0131s\u0131n\u0131n restoranda daha \u00f6nce garson olarak \u00e7al\u0131\u015ft\u0131\u011f\u0131 \u00f6\u011frenildi. \u0130stanbul Valili\u011fi olayla ilgili \u00e7ok y\u00f6nl\u00fc soru\u015fturma ba\u015flatt\u0131\u0130stanbul \u00c7ekmek\u00f6y&#8217;de b\u0131\u00e7akl\u0131 sald\u0131r\u0131ya u\u011frayan Cumhuriyet Savc\u0131s\u0131 Ercan Kayhan hayat\u0131n\u0131 kaybetti. Zanl\u0131 jandarma taraf\u0131ndan g\u00f6zalt\u0131na al\u0131nd\u0131. Katil zanl\u0131s\u0131n\u0131n restoranda daha \u00f6nce garson olarak [&hellip;]<\/p>\n","protected":false},"author":1,"featured_media":0,"comment_status":"open","ping_status":"open","sticky":false,"template":"","format":"standard","meta":{"footnotes":"","_links_to":"","_links_to_target":""},"categories":[1],"tags":[],"class_list":["post-3233","post","type-post","status-publish","format-standard","hentry","category-haberler"],"_links":{"self":[{"href":"https:\/\/www.abchukuk.com\/index.php\/wp-json\/wp\/v2\/posts\/3233","targetHints":{"allow":["GET"]}}],"collection":[{"href":"https:\/\/www.abchukuk.com\/index.php\/wp-json\/wp\/v2\/posts"}],"about":[{"href":"https:\/\/www.abchukuk.com\/index.php\/wp-json\/wp\/v2\/types\/post"}],"author":[{"embeddable":true,"href":"https:\/\/www.abchukuk.com\/index.php\/wp-json\/wp\/v2\/users\/1"}],"replies":[{"embeddable":true,"href":"https:\/\/www.abchukuk.com\/index.php\/wp-json\/wp\/v2\/comments?post=3233"}],"version-history":[{"count":0,"href":"https:\/\/www.abchukuk.com\/index.php\/wp-json\/wp\/v2\/posts\/3233\/revisions"}],"wp:attachment":[{"href":"https:\/\/www.abchukuk.com\/index.php\/wp-json\/wp\/v2\/media?parent=3233"}],"wp:term":[{"taxonomy":"category","embeddable":true,"href":"https:\/\/www.abchukuk.com\/index.php\/wp-json\/wp\/v2\/categories?post=3233"},{"taxonomy":"post_tag","embeddable":true,"href":"https:\/\/www.abchukuk.com\/index.php\/wp-json\/wp\/v2\/tags?post=3233"}],"curies":[{"name":"wp","href":"https:\/\/api.w.org\/{rel}","templated":true}]}}