{"id":32304,"date":"2026-06-07T14:36:22","date_gmt":"2026-06-07T14:36:22","guid":{"rendered":"https:\/\/www.abchukuk.com\/index.php\/2026\/06\/07\/hskda-yaz-kararname-haftasi-basliyor-yarginin-gozu-pazartesi-baslayacak-toplantilarda-olacak\/"},"modified":"2026-06-07T14:36:22","modified_gmt":"2026-06-07T14:36:22","slug":"hskda-yaz-kararname-haftasi-basliyor-yarginin-gozu-pazartesi-baslayacak-toplantilarda-olacak","status":"publish","type":"post","link":"https:\/\/www.abchukuk.com\/index.php\/2026\/06\/07\/hskda-yaz-kararname-haftasi-basliyor-yarginin-gozu-pazartesi-baslayacak-toplantilarda-olacak\/","title":{"rendered":"HSK\u2019da yaz kararname haftas\u0131 ba\u015fl\u0131yor! Yarg\u0131n\u0131n g\u00f6z\u00fc pazartesi ba\u015flayacak toplant\u0131larda olacak!"},"content":{"rendered":"<p><strong>SON.TV\/ANKARA<\/strong><\/p>\n<p><strong>Hakimler ve Savc\u0131lar Kurulu\u2019<\/strong>nda yaz kararnamesine ili\u015fkin \u00e7al\u0131\u015fmalar son a\u015famaya gelirken, yarg\u0131 te\u015fkilat\u0131nda heyecan ve bekleyi\u015f her ge\u00e7en g\u00fcn art\u0131yor. <strong>T\u00fcrkiye\u2019<\/strong>nin d\u00f6rt bir yan\u0131nda g\u00f6rev yapan hakim ve savc\u0131lar, ba\u015fsavc\u0131lar, ba\u015fsavc\u0131 vekilleri ve yarg\u0131 y\u00f6neticileri g\u00f6zlerini <strong>Ankara\u2019<\/strong>ya \u00e7evirmi\u015f durumda.<\/p>\n<p><strong>SON.TV\u2019<\/strong>nin yarg\u0131 \u00e7evrelerinden ve g\u00fcvenilir kaynaklardan elde etti\u011fi bilgilere g\u00f6re <strong>HSK\u2019<\/strong>da kararname haz\u0131rl\u0131klar\u0131 yo\u011fun \u015fekilde devam ediyor. \u00d6zellikle <strong>pazartesi<\/strong> g\u00fcn\u00fcn\u00fcn kararname s\u00fcreci a\u00e7\u0131s\u0131ndan kritik \u00f6neme sahip oldu\u011fu belirtilirken, hafta boyunca yap\u0131lacak de\u011ferlendirmelerin kararnamenin son \u015feklinin olu\u015fmas\u0131nda belirleyici rol oynayaca\u011f\u0131 ifade ediliyor.<\/p>\n<p><strong>YARGININ KALB\u0130 HSK\u2019DA ATIYOR<\/strong><\/p>\n<p>Yaz kararnamesi yakla\u015f\u0131rken adliyelerde en \u00e7ok konu\u015fulan konu yine g\u00f6rev yeri de\u011fi\u015fiklikleri oldu. Yarg\u0131 kulislerinde hakim ve savc\u0131lar\u0131n yan\u0131 s\u0131ra \u00e7ok say\u0131da Cumhuriyet ba\u015fsavc\u0131s\u0131 ve ba\u015fsavc\u0131 vekiline ili\u015fkin de\u011ferlendirmeler yap\u0131l\u0131rken, g\u00f6zler tamamen <strong>HSK\u2019<\/strong>ya \u00e7evrilmi\u015f durumda.<\/p>\n<p>\u00d6zellikle b\u00fcy\u00fck\u015fehirlerde g\u00f6rev yapan yarg\u0131 mensuplar\u0131 ile terfi s\u00fcrecindeki hakim ve savc\u0131lar kararnamenin a\u00e7\u0131klanaca\u011f\u0131 tarihi merakla bekliyor. Kararnamenin yarg\u0131 te\u015fkilat\u0131nda son y\u0131llar\u0131n en kapsaml\u0131 de\u011fi\u015fikliklerinden birine sahne olabilece\u011fi konu\u015fuluyor.<\/p>\n<p><strong>KR\u0130T\u0130K HAFTADA YO\u011eUN MESA\u0130<\/strong><\/p>\n<p><strong>HSK<\/strong>\u2019da bu hafta boyunca yo\u011fun bir \u00e7al\u0131\u015fma temposunun ya\u015fanmas\u0131 bekleniyor. Kurulun \u00f6n\u00fcne gelecek de\u011ferlendirmeler, hizmet ihtiya\u00e7lar\u0131, kadro planlamalar\u0131 ve te\u015fkilat dengeleri do\u011frultusunda kararname \u00fczerindeki \u00e7al\u0131\u015fmalar\u0131n s\u00fcrd\u00fcr\u00fclece\u011fi belirtiliyor.<\/p>\n<p>Yarg\u0131 kulislerinde konu\u015fulan bilgilere g\u00f6re \u00f6zellikle pazartesi g\u00fcn\u00fc ba\u015flayacak s\u00fcrecin kararname haz\u0131rl\u0131klar\u0131nda \u00f6nemli bir e\u015fik olu\u015fturaca\u011f\u0131 ifade ediliyor. Bu nedenle <strong>Ankara<\/strong>\u2019daki geli\u015fmeler yarg\u0131 camias\u0131 taraf\u0131ndan anbean takip ediliyor.<\/p>\n<p><strong>4 B\u0130N 600\u2019E YAKIN HAK\u0130M VE SAVCIYI ETK\u0130LEYEB\u0130L\u0130R<\/strong><\/p>\n<p>Yarg\u0131 \u00e7evrelerinde konu\u015fulan beklentilere g\u00f6re bu y\u0131lki yaz kararnamesinin yakla\u015f\u0131k 4 bin 600 hakim ve savc\u0131y\u0131 etkilemesi bekleniyor. Adli yarg\u0131da yakla\u015f\u0131k 4 bin 300, idari yarg\u0131da ise yakla\u015f\u0131k 300 hakim ve savc\u0131n\u0131n g\u00f6rev yerlerinde de\u011fi\u015fiklik ya\u015fanabilece\u011fi de\u011ferlendiriliyor.<\/p>\n<p>Bunun yan\u0131 s\u0131ra baz\u0131 ba\u015fsavc\u0131l\u0131klarda ve kritik yarg\u0131 birimlerinde de de\u011fi\u015fikliklerin g\u00fcndeme gelebilece\u011fi ifade ediliyor.<\/p>\n<p><strong>G\u00d6ZLER HSK\u2019DAN GELECEK HABERLERDE<\/strong><\/p>\n<p>Kararname s\u00fcrecinin son a\u015famaya yakla\u015fmas\u0131yla birlikte <strong>Ankara<\/strong>\u2019daki kulis hareketlili\u011fi de artt\u0131. Yarg\u0131 mensuplar\u0131, g\u00f6rev yeri de\u011fi\u015fiklikleri ve yeni g\u00f6revlendirmelere ili\u015fkin geli\u015fmeleri yak\u0131ndan takip ederken, g\u00f6zler <strong>HSK\u2019<\/strong>dan gelecek a\u00e7\u0131klamalara \u00e7evrilmi\u015f durumda.<\/p>\n<p>Yarg\u0131n\u0131n kalbinin att\u0131\u011f\u0131 <strong>HSK<\/strong>\u2019da bu hafta ya\u015fanacak geli\u015fmelerin, binlerce hakim ve savc\u0131n\u0131n mesleki gelece\u011fini \u015fekillendirecek \u00f6nemli kararlara zemin haz\u0131rlamas\u0131 bekleniyor.<\/p>\n<p><strong>ET\u0130KETLER: #HSK #YazKararnamesi #Hakim #Savc\u0131 #Ba\u015fsavc\u0131 #Yarg\u0131 #Adalet #HSKKararnamesi #SONTV #Ankara<\/strong><\/p>\n<p>Hakimler ve Savc\u0131lar Kurulu\u2019nda (HSK) merakla beklenen 2026 Yaz Kararnamesi i\u00e7in kritik haftaya girildi. SON.TV\u2019nin yarg\u0131 \u00e7evrelerinden ve g\u00fcvenilir kaynaklardan edindi\u011fi bilgilere g\u00f6re HSK\u2019da yo\u011fun mesai s\u00fcr\u00fcyor. Binlerce hakim ve savc\u0131n\u0131n g\u00f6rev yerini etkilemesi beklenen kararname \u00f6ncesinde yarg\u0131 te\u015fkilat\u0131n\u0131n g\u00f6z\u00fc kula\u011f\u0131 Ankara\u2019ya \u00e7evrilirken, pazartesi g\u00fcn\u00fcn\u00fcn kararname s\u00fcrecinde kritik bir d\u00f6n\u00fcm noktas\u0131 olaca\u011f\u0131 de\u011ferlendiriliyor. Yarg\u0131n\u0131n kalbi bu hafta HSK\u2019da atacak.\u00a0<a href=\"https:\/\/www.son.tv\/hskda-yaz-kararname-haftasi-basliyor-yarginin-gozu-pazartesi-dagitilmasi-beklenen-taslakta\/\" target=\"_blank\" class=\"feedzy-rss-link-icon\">Read More<\/a><\/p>","protected":false},"excerpt":{"rendered":"<p>SON.TV\/ANKARA Hakimler ve Savc\u0131lar Kurulu\u2019nda yaz kararnamesine ili\u015fkin \u00e7al\u0131\u015fmalar son a\u015famaya gelirken, yarg\u0131 te\u015fkilat\u0131nda heyecan ve bekleyi\u015f her ge\u00e7en g\u00fcn art\u0131yor. T\u00fcrkiye\u2019nin d\u00f6rt bir yan\u0131nda g\u00f6rev yapan hakim ve savc\u0131lar, ba\u015fsavc\u0131lar, ba\u015fsavc\u0131 vekilleri ve yarg\u0131 y\u00f6neticileri g\u00f6zlerini Ankara\u2019ya \u00e7evirmi\u015f durumda. SON.TV\u2019nin yarg\u0131 \u00e7evrelerinden ve g\u00fcvenilir kaynaklardan elde etti\u011fi bilgilere g\u00f6re HSK\u2019da kararname haz\u0131rl\u0131klar\u0131 yo\u011fun \u015fekilde [&hellip;]<\/p>\n","protected":false},"author":1,"featured_media":0,"comment_status":"open","ping_status":"open","sticky":false,"template":"","format":"standard","meta":{"footnotes":"","_links_to":"","_links_to_target":""},"categories":[1],"tags":[],"class_list":["post-32304","post","type-post","status-publish","format-standard","hentry","category-haberler"],"_links":{"self":[{"href":"https:\/\/www.abchukuk.com\/index.php\/wp-json\/wp\/v2\/posts\/32304","targetHints":{"allow":["GET"]}}],"collection":[{"href":"https:\/\/www.abchukuk.com\/index.php\/wp-json\/wp\/v2\/posts"}],"about":[{"href":"https:\/\/www.abchukuk.com\/index.php\/wp-json\/wp\/v2\/types\/post"}],"author":[{"embeddable":true,"href":"https:\/\/www.abchukuk.com\/index.php\/wp-json\/wp\/v2\/users\/1"}],"replies":[{"embeddable":true,"href":"https:\/\/www.abchukuk.com\/index.php\/wp-json\/wp\/v2\/comments?post=32304"}],"version-history":[{"count":0,"href":"https:\/\/www.abchukuk.com\/index.php\/wp-json\/wp\/v2\/posts\/32304\/revisions"}],"wp:attachment":[{"href":"https:\/\/www.abchukuk.com\/index.php\/wp-json\/wp\/v2\/media?parent=32304"}],"wp:term":[{"taxonomy":"category","embeddable":true,"href":"https:\/\/www.abchukuk.com\/index.php\/wp-json\/wp\/v2\/categories?post=32304"},{"taxonomy":"post_tag","embeddable":true,"href":"https:\/\/www.abchukuk.com\/index.php\/wp-json\/wp\/v2\/tags?post=32304"}],"curies":[{"name":"wp","href":"https:\/\/api.w.org\/{rel}","templated":true}]}}