{"id":3227,"date":"2025-09-03T21:00:00","date_gmt":"2025-09-03T21:00:00","guid":{"rendered":"http:\/\/www.lopsssdoner.com\/index.php\/2025\/09\/03\/baro-baskani-avukat-mustafa-aladag-mal-kacirmanin-onune-gecilmeli\/"},"modified":"2025-09-03T21:00:00","modified_gmt":"2025-09-03T21:00:00","slug":"baro-baskani-avukat-mustafa-aladag-mal-kacirmanin-onune-gecilmeli","status":"publish","type":"post","link":"https:\/\/www.abchukuk.com\/index.php\/2025\/09\/03\/baro-baskani-avukat-mustafa-aladag-mal-kacirmanin-onune-gecilmeli\/","title":{"rendered":"Baro Ba\u015fkan\u0131, avukat Mustafa Alada\u011f: Mal ka\u00e7\u0131rman\u0131n \u00f6n\u00fcne ge\u00e7ilmeli"},"content":{"rendered":"<p>Konkordato uzman\u0131, es\u00adki Konya Baro Ba\u015fkan\u0131, avukat Mustafa Alada\u011f, D\u00dcN\u00adYA\u2019ya yapt\u0131\u011f\u0131 de\u011ferlendirme\u00adde, masraflara dikkat \u00e7ekerek, \u201cKonkordatoya gidecek firma\u00adn\u0131n cebinde en az bir milyon li\u00adra olmal\u0131\u201d dedi.Konkordato uzman\u0131, es\u00adki Konya Baro Ba\u015fkan\u0131, avukat Mustafa Alada\u011f, D\u00dcN\u00adYA\u2019ya yapt\u0131\u011f\u0131 de\u011ferlendirme\u00adde, masraflara dikkat \u00e7ekerek, \u201cKonkordatoya gidecek firma\u00adn\u0131n cebinde en az bir milyon li\u00adra olmal\u0131\u201d dedi.\u00a0<a href=\"https:\/\/www.dunya.com\/sirketler\/baro-baskani-avukat-mustafa-aladag-mal-kacirmanin-onune-gecilmeli-haberi-792553\" target=\"_blank\" class=\"feedzy-rss-link-icon\">Read More<\/a><\/p>","protected":false},"excerpt":{"rendered":"<p>Konkordato uzman\u0131, es\u00adki Konya Baro Ba\u015fkan\u0131, avukat Mustafa Alada\u011f, D\u00dcN\u00adYA\u2019ya yapt\u0131\u011f\u0131 de\u011ferlendirme\u00adde, masraflara dikkat \u00e7ekerek, \u201cKonkordatoya gidecek firma\u00adn\u0131n cebinde en az bir milyon li\u00adra olmal\u0131\u201d dedi.Konkordato uzman\u0131, es\u00adki Konya Baro Ba\u015fkan\u0131, avukat Mustafa Alada\u011f, D\u00dcN\u00adYA\u2019ya yapt\u0131\u011f\u0131 de\u011ferlendirme\u00adde, masraflara dikkat \u00e7ekerek, \u201cKonkordatoya gidecek firma\u00adn\u0131n cebinde en az bir milyon li\u00adra olmal\u0131\u201d dedi.\u00a0Read More<\/p>\n","protected":false},"author":1,"featured_media":3228,"comment_status":"open","ping_status":"open","sticky":false,"template":"","format":"standard","meta":{"footnotes":"","_links_to":"","_links_to_target":""},"categories":[1],"tags":[],"class_list":["post-3227","post","type-post","status-publish","format-standard","has-post-thumbnail","hentry","category-haberler"],"_links":{"self":[{"href":"https:\/\/www.abchukuk.com\/index.php\/wp-json\/wp\/v2\/posts\/3227","targetHints":{"allow":["GET"]}}],"collection":[{"href":"https:\/\/www.abchukuk.com\/index.php\/wp-json\/wp\/v2\/posts"}],"about":[{"href":"https:\/\/www.abchukuk.com\/index.php\/wp-json\/wp\/v2\/types\/post"}],"author":[{"embeddable":true,"href":"https:\/\/www.abchukuk.com\/index.php\/wp-json\/wp\/v2\/users\/1"}],"replies":[{"embeddable":true,"href":"https:\/\/www.abchukuk.com\/index.php\/wp-json\/wp\/v2\/comments?post=3227"}],"version-history":[{"count":0,"href":"https:\/\/www.abchukuk.com\/index.php\/wp-json\/wp\/v2\/posts\/3227\/revisions"}],"wp:featuredmedia":[{"embeddable":true,"href":"https:\/\/www.abchukuk.com\/index.php\/wp-json\/wp\/v2\/media\/3228"}],"wp:attachment":[{"href":"https:\/\/www.abchukuk.com\/index.php\/wp-json\/wp\/v2\/media?parent=3227"}],"wp:term":[{"taxonomy":"category","embeddable":true,"href":"https:\/\/www.abchukuk.com\/index.php\/wp-json\/wp\/v2\/categories?post=3227"},{"taxonomy":"post_tag","embeddable":true,"href":"https:\/\/www.abchukuk.com\/index.php\/wp-json\/wp\/v2\/tags?post=3227"}],"curies":[{"name":"wp","href":"https:\/\/api.w.org\/{rel}","templated":true}]}}