{"id":3219,"date":"2025-09-03T19:47:00","date_gmt":"2025-09-03T19:47:00","guid":{"rendered":"http:\/\/www.lopsssdoner.com\/index.php\/2025\/09\/03\/kan-donduran-cinayet-cumhuriyet-savcisinin-bogazini-kesti\/"},"modified":"2025-09-03T19:47:00","modified_gmt":"2025-09-03T19:47:00","slug":"kan-donduran-cinayet-cumhuriyet-savcisinin-bogazini-kesti","status":"publish","type":"post","link":"https:\/\/www.abchukuk.com\/index.php\/2025\/09\/03\/kan-donduran-cinayet-cumhuriyet-savcisinin-bogazini-kesti\/","title":{"rendered":"Kan Donduran Cinayet: Cumhuriyet Savc\u0131s\u0131n\u0131n Bo\u011faz\u0131n\u0131 Kesti"},"content":{"rendered":"<p><a href=\"https:\/\/www.gercekgundem.com\/guncel\/istanbul-cumhuriyet-savcisi-ercan-kayhan-olduruldu-553873\"><br \/>\n                                                            <img decoding=\"async\" src=\"https:\/\/i.gercekgundem.com\/2\/150\/84\/storage\/files\/images\/2025\/09\/03\/istanbul-cumhuriyet-savcisi-ercan-kayhan-olduruldu-f3tp.png\" width=\"150\" height=\"84\" border=\"0\" align=\"right\" \/><br \/>\n                                                    <\/a><\/p>\n<h4>\u0130stanbul Cumhuriyet Savc\u0131s\u0131 Ercan Kayhan&#8217;\u0131n \u0130stanbul \u00c7ekmek\u00f6y&#8217;de aralar\u0131nda husumet oldu\u011fu iddia edilen M.C.G. taraf\u0131ndan bo\u011faz\u0131 kesilerek \u00f6ld\u00fcr\u00fcld\u00fc\u011f\u00fc \u00f6\u011frenildi.<\/h4>\n<p>\u0130stanbul Cumhuriyet Savc\u0131s\u0131 Ercan Kayhan&#8217;\u0131n \u0130stanbul \u00c7ekmek\u00f6y&#8217;de aralar\u0131nda husumet oldu\u011fu iddia edilen M.C.G. taraf\u0131ndan bo\u011faz\u0131 kesilerek \u00f6ld\u00fcr\u00fcld\u00fc\u011f\u00fc \u00f6\u011frenildi.\u00a0<a href=\"https:\/\/www.gercekgundem.com\/guncel\/istanbul-cumhuriyet-savcisi-ercan-kayhan-olduruldu-553873\" target=\"_blank\" class=\"feedzy-rss-link-icon\">Read More<\/a><\/p>","protected":false},"excerpt":{"rendered":"<p>\u0130stanbul Cumhuriyet Savc\u0131s\u0131 Ercan Kayhan&#8217;\u0131n \u0130stanbul \u00c7ekmek\u00f6y&#8217;de aralar\u0131nda husumet oldu\u011fu iddia edilen M.C.G. taraf\u0131ndan bo\u011faz\u0131 kesilerek \u00f6ld\u00fcr\u00fcld\u00fc\u011f\u00fc \u00f6\u011frenildi. \u0130stanbul Cumhuriyet Savc\u0131s\u0131 Ercan Kayhan&#8217;\u0131n \u0130stanbul \u00c7ekmek\u00f6y&#8217;de aralar\u0131nda husumet oldu\u011fu iddia edilen M.C.G. taraf\u0131ndan bo\u011faz\u0131 kesilerek \u00f6ld\u00fcr\u00fcld\u00fc\u011f\u00fc \u00f6\u011frenildi.\u00a0Read More<\/p>\n","protected":false},"author":1,"featured_media":3220,"comment_status":"open","ping_status":"open","sticky":false,"template":"","format":"standard","meta":{"footnotes":"","_links_to":"","_links_to_target":""},"categories":[1],"tags":[],"class_list":["post-3219","post","type-post","status-publish","format-standard","has-post-thumbnail","hentry","category-haberler"],"_links":{"self":[{"href":"https:\/\/www.abchukuk.com\/index.php\/wp-json\/wp\/v2\/posts\/3219","targetHints":{"allow":["GET"]}}],"collection":[{"href":"https:\/\/www.abchukuk.com\/index.php\/wp-json\/wp\/v2\/posts"}],"about":[{"href":"https:\/\/www.abchukuk.com\/index.php\/wp-json\/wp\/v2\/types\/post"}],"author":[{"embeddable":true,"href":"https:\/\/www.abchukuk.com\/index.php\/wp-json\/wp\/v2\/users\/1"}],"replies":[{"embeddable":true,"href":"https:\/\/www.abchukuk.com\/index.php\/wp-json\/wp\/v2\/comments?post=3219"}],"version-history":[{"count":0,"href":"https:\/\/www.abchukuk.com\/index.php\/wp-json\/wp\/v2\/posts\/3219\/revisions"}],"wp:featuredmedia":[{"embeddable":true,"href":"https:\/\/www.abchukuk.com\/index.php\/wp-json\/wp\/v2\/media\/3220"}],"wp:attachment":[{"href":"https:\/\/www.abchukuk.com\/index.php\/wp-json\/wp\/v2\/media?parent=3219"}],"wp:term":[{"taxonomy":"category","embeddable":true,"href":"https:\/\/www.abchukuk.com\/index.php\/wp-json\/wp\/v2\/categories?post=3219"},{"taxonomy":"post_tag","embeddable":true,"href":"https:\/\/www.abchukuk.com\/index.php\/wp-json\/wp\/v2\/tags?post=3219"}],"curies":[{"name":"wp","href":"https:\/\/api.w.org\/{rel}","templated":true}]}}