{"id":3218,"date":"2025-09-03T20:11:42","date_gmt":"2025-09-03T20:11:42","guid":{"rendered":"http:\/\/www.lopsssdoner.com\/index.php\/2025\/09\/03\/istanbul-valiligi-cekmekoyde-cumhuriyet-savcisi-ercan-kayhan-bicakli-saldirida-hayatini-kaybetti\/"},"modified":"2025-09-03T20:11:42","modified_gmt":"2025-09-03T20:11:42","slug":"istanbul-valiligi-cekmekoyde-cumhuriyet-savcisi-ercan-kayhan-bicakli-saldirida-hayatini-kaybetti","status":"publish","type":"post","link":"https:\/\/www.abchukuk.com\/index.php\/2025\/09\/03\/istanbul-valiligi-cekmekoyde-cumhuriyet-savcisi-ercan-kayhan-bicakli-saldirida-hayatini-kaybetti\/","title":{"rendered":"\u0130stanbul Valili\u011fi: \u00c7ekmek\u00f6y\u2019de Cumhuriyet Savc\u0131s\u0131 Ercan Kayhan b\u0131\u00e7akl\u0131 sald\u0131r\u0131da hayat\u0131n\u0131 kaybetti"},"content":{"rendered":"<p>\u0130stanbul \u00c7a\u011flayan Adliyesi\u2019nde g\u00f6revli Cumhuriyet Savc\u0131s\u0131 Ercan Kayhan, \u00c7ekmek\u00f6y\u2019de husumetlisi oldu\u011fu belirtilen 19 ya\u015f\u0131ndaki Mustafa Can G. taraf\u0131ndan bo\u011faz\u0131ndan b\u0131\u00e7aklanarak hayat\u0131n\u0131 kaybetti.\u0130stanbul \u00c7a\u011flayan Adliyesi\u2019nde g\u00f6revli Cumhuriyet Savc\u0131s\u0131 Ercan Kayhan, \u00c7ekmek\u00f6y\u2019de husumetlisi oldu\u011fu belirtilen 19 ya\u015f\u0131ndaki Mustafa Can G. taraf\u0131ndan bo\u011faz\u0131ndan b\u0131\u00e7aklanarak hayat\u0131n\u0131 kaybetti.\u00a0<a href=\"https:\/\/anlatilaninotesi.com.tr\/20250903\/cekmekoyde-cumhuriyet-savcisi-ercan-kayhan-bicakli-saldirida-hayatini-kaybetti-1099079462.html\" target=\"_blank\" class=\"feedzy-rss-link-icon\">Read More<\/a><\/p>","protected":false},"excerpt":{"rendered":"<p>\u0130stanbul \u00c7a\u011flayan Adliyesi\u2019nde g\u00f6revli Cumhuriyet Savc\u0131s\u0131 Ercan Kayhan, \u00c7ekmek\u00f6y\u2019de husumetlisi oldu\u011fu belirtilen 19 ya\u015f\u0131ndaki Mustafa Can G. taraf\u0131ndan bo\u011faz\u0131ndan b\u0131\u00e7aklanarak hayat\u0131n\u0131 kaybetti.\u0130stanbul \u00c7a\u011flayan Adliyesi\u2019nde g\u00f6revli Cumhuriyet Savc\u0131s\u0131 Ercan Kayhan, \u00c7ekmek\u00f6y\u2019de husumetlisi oldu\u011fu belirtilen 19 ya\u015f\u0131ndaki Mustafa Can G. taraf\u0131ndan bo\u011faz\u0131ndan b\u0131\u00e7aklanarak hayat\u0131n\u0131 kaybetti.\u00a0Read More<\/p>\n","protected":false},"author":1,"featured_media":0,"comment_status":"open","ping_status":"open","sticky":false,"template":"","format":"standard","meta":{"footnotes":"","_links_to":"","_links_to_target":""},"categories":[1],"tags":[],"class_list":["post-3218","post","type-post","status-publish","format-standard","hentry","category-haberler"],"_links":{"self":[{"href":"https:\/\/www.abchukuk.com\/index.php\/wp-json\/wp\/v2\/posts\/3218","targetHints":{"allow":["GET"]}}],"collection":[{"href":"https:\/\/www.abchukuk.com\/index.php\/wp-json\/wp\/v2\/posts"}],"about":[{"href":"https:\/\/www.abchukuk.com\/index.php\/wp-json\/wp\/v2\/types\/post"}],"author":[{"embeddable":true,"href":"https:\/\/www.abchukuk.com\/index.php\/wp-json\/wp\/v2\/users\/1"}],"replies":[{"embeddable":true,"href":"https:\/\/www.abchukuk.com\/index.php\/wp-json\/wp\/v2\/comments?post=3218"}],"version-history":[{"count":0,"href":"https:\/\/www.abchukuk.com\/index.php\/wp-json\/wp\/v2\/posts\/3218\/revisions"}],"wp:attachment":[{"href":"https:\/\/www.abchukuk.com\/index.php\/wp-json\/wp\/v2\/media?parent=3218"}],"wp:term":[{"taxonomy":"category","embeddable":true,"href":"https:\/\/www.abchukuk.com\/index.php\/wp-json\/wp\/v2\/categories?post=3218"},{"taxonomy":"post_tag","embeddable":true,"href":"https:\/\/www.abchukuk.com\/index.php\/wp-json\/wp\/v2\/tags?post=3218"}],"curies":[{"name":"wp","href":"https:\/\/api.w.org\/{rel}","templated":true}]}}