{"id":3214,"date":"2025-09-03T20:18:38","date_gmt":"2025-09-03T20:18:38","guid":{"rendered":"http:\/\/www.lopsssdoner.com\/index.php\/2025\/09\/03\/savci-kayhan-cinayetinde-bir-bassavci-vekili-ve-bir-cumhuriyet-savcisi-gorevlendirildi\/"},"modified":"2025-09-03T20:18:38","modified_gmt":"2025-09-03T20:18:38","slug":"savci-kayhan-cinayetinde-bir-bassavci-vekili-ve-bir-cumhuriyet-savcisi-gorevlendirildi","status":"publish","type":"post","link":"https:\/\/www.abchukuk.com\/index.php\/2025\/09\/03\/savci-kayhan-cinayetinde-bir-bassavci-vekili-ve-bir-cumhuriyet-savcisi-gorevlendirildi\/","title":{"rendered":"Savc\u0131 Kayhan Cinayetinde bir Ba\u015fsavc\u0131 Vekili ve bir Cumhuriyet Savc\u0131s\u0131 g\u00f6revlendirildi"},"content":{"rendered":"<p class=\"p1\">\u00c7a\u011flayan Adliyesi\u2019nde g\u00f6rev yapan Cumhuriyet Savc\u0131s\u0131 Ercan Kayhan (58), \u00c7ekmek\u00f6y \u0130l\u00e7esi \u00d6merli Mahallesi\u2019nde bir restoranda u\u011frad\u0131\u011f\u0131 sald\u0131r\u0131 sonucu ya\u015fam\u0131n\u0131 yitirdi.<\/p>\n<p><img fetchpriority=\"high\" decoding=\"async\" class=\"alignnone size-full wp-image-162670\" src=\"https:\/\/www.son.tv\/wp-content\/uploads\/2025\/09\/7bb4f01b-9eb8-41e7-a6cb-323fd4a96a2f.jpeg\" alt=\"\" width=\"167\" height=\"344\" \/><\/p>\n<p class=\"p3\"><span class=\"s2\">\u015e\u00dcPHEL\u0130 YAKALANDI<\/span><\/p>\n<p class=\"p3\"><span class=\"s2\">Sald\u0131r\u0131y\u0131 ger\u00e7ekle\u015ftiren Mustafa Can G\u00fcl, olay yerinde g\u00fcvenlik g\u00fc\u00e7leri taraf\u0131ndan yakalanarak g\u00f6zalt\u0131na al\u0131nd\u0131.<\/span><\/p>\n<p><img decoding=\"async\" class=\"alignnone size-large wp-image-162675\" src=\"https:\/\/www.son.tv\/wp-content\/uploads\/2025\/09\/511f528e-b4f4-40c6-a38e-188c911aa590-1024x779.jpeg\" alt=\"\" width=\"1024\" height=\"779\" \/><\/p>\n<p class=\"p3\"><span class=\"s2\">SORU\u015eTURMA BA\u015eLATILDI<\/span><\/p>\n<p class=\"p3\"><span class=\"s2\">Olayla ilgili \u0130stanbul Anadolu Cumhuriyet Ba\u015fsavc\u0131l\u0131\u011f\u0131 da harekete ge\u00e7ti. Ba\u015fsavc\u0131l\u0131k\u00e7a ba\u015flat\u0131lan soru\u015fturma kapsam\u0131nda bir Ba\u015fsavc\u0131 vekili ve bir Cumhuriyet savc\u0131s\u0131 g\u00f6revlendirildi. G\u00f6revli vekilin ve savc\u0131n\u0131n incelemeler yapmak \u00fczere olay yerine gitti\u011fi \u00f6\u011frenildi.<\/span><\/p>\n<p><img decoding=\"async\" class=\"alignnone size-full wp-image-162671\" src=\"https:\/\/www.son.tv\/wp-content\/uploads\/2025\/09\/ce1d00b7-beb0-4de8-87e3-5bd8f3e76c8b.jpeg\" alt=\"\" width=\"650\" height=\"344\" \/><\/p>\n<p class=\"p3\"><span class=\"s2\">SAVCI KAYHAN K\u0130MD\u0130R? <\/span><\/p>\n<p class=\"p3\"><span class=\"s2\">Menfur sald\u0131r\u0131da hayat\u0131n\u0131 kaybeden Savc\u0131 Kayhan, Gebze ve \u00c7ekmek\u00f6y Cumhuriyet Ba\u015fsavc\u0131l\u0131klar\u0131nda g\u00f6rev yapt\u0131. K\u0131sa s\u00fcre \u00f6nce yay\u0131mlanan HSK yaz kararnamesi ile Hatay\u2019a atanm\u0131\u015ft\u0131. Savc\u0131 Kayhan, itiraz \u00fczerine \u0130stanbul Cumhuriyet Ba\u015fsavc\u0131l\u0131\u011f\u0131\u2019nda genel soru\u015fturma savc\u0131s\u0131 olarak g\u00f6rev yap\u0131yordu.<\/span><\/p>\n<p>\u00c7a\u011flayan adliyesinde de g\u00f6rev yapan 58 ya\u015f\u0131ndaki Cumhuriyet Savc\u0131s\u0131 Ercan Kayhan u\u011frad\u0131\u011f\u0131 b\u0131\u00e7akla sald\u0131r\u0131da hayat\u0131n\u0131 kaybetti. Olayla ilgili ba\u015flat\u0131lan soru\u015fturma kapsam\u0131nda bir Ba\u015fsavc\u0131 vekili ve bir Cumhuriyet savc\u0131s\u0131 g\u00f6revlendirildi.\u00a0<a href=\"https:\/\/www.son.tv\/savci-kayhan-cinayetinde-bir-bassavci-vekili-ve-bir-cumhuriyet-savcisi-gorevlendirildi\/\" target=\"_blank\" class=\"feedzy-rss-link-icon\">Read More<\/a><\/p>","protected":false},"excerpt":{"rendered":"<p>\u00c7a\u011flayan Adliyesi\u2019nde g\u00f6rev yapan Cumhuriyet Savc\u0131s\u0131 Ercan Kayhan (58), \u00c7ekmek\u00f6y \u0130l\u00e7esi \u00d6merli Mahallesi\u2019nde bir restoranda u\u011frad\u0131\u011f\u0131 sald\u0131r\u0131 sonucu ya\u015fam\u0131n\u0131 yitirdi. \u015e\u00dcPHEL\u0130 YAKALANDI Sald\u0131r\u0131y\u0131 ger\u00e7ekle\u015ftiren Mustafa Can G\u00fcl, olay yerinde g\u00fcvenlik g\u00fc\u00e7leri taraf\u0131ndan yakalanarak g\u00f6zalt\u0131na al\u0131nd\u0131. SORU\u015eTURMA BA\u015eLATILDI Olayla ilgili \u0130stanbul Anadolu Cumhuriyet Ba\u015fsavc\u0131l\u0131\u011f\u0131 da harekete ge\u00e7ti. Ba\u015fsavc\u0131l\u0131k\u00e7a ba\u015flat\u0131lan soru\u015fturma kapsam\u0131nda bir Ba\u015fsavc\u0131 vekili ve bir [&hellip;]<\/p>\n","protected":false},"author":1,"featured_media":3215,"comment_status":"open","ping_status":"open","sticky":false,"template":"","format":"standard","meta":{"footnotes":"","_links_to":"","_links_to_target":""},"categories":[1],"tags":[],"class_list":["post-3214","post","type-post","status-publish","format-standard","has-post-thumbnail","hentry","category-haberler"],"_links":{"self":[{"href":"https:\/\/www.abchukuk.com\/index.php\/wp-json\/wp\/v2\/posts\/3214","targetHints":{"allow":["GET"]}}],"collection":[{"href":"https:\/\/www.abchukuk.com\/index.php\/wp-json\/wp\/v2\/posts"}],"about":[{"href":"https:\/\/www.abchukuk.com\/index.php\/wp-json\/wp\/v2\/types\/post"}],"author":[{"embeddable":true,"href":"https:\/\/www.abchukuk.com\/index.php\/wp-json\/wp\/v2\/users\/1"}],"replies":[{"embeddable":true,"href":"https:\/\/www.abchukuk.com\/index.php\/wp-json\/wp\/v2\/comments?post=3214"}],"version-history":[{"count":0,"href":"https:\/\/www.abchukuk.com\/index.php\/wp-json\/wp\/v2\/posts\/3214\/revisions"}],"wp:featuredmedia":[{"embeddable":true,"href":"https:\/\/www.abchukuk.com\/index.php\/wp-json\/wp\/v2\/media\/3215"}],"wp:attachment":[{"href":"https:\/\/www.abchukuk.com\/index.php\/wp-json\/wp\/v2\/media?parent=3214"}],"wp:term":[{"taxonomy":"category","embeddable":true,"href":"https:\/\/www.abchukuk.com\/index.php\/wp-json\/wp\/v2\/categories?post=3214"},{"taxonomy":"post_tag","embeddable":true,"href":"https:\/\/www.abchukuk.com\/index.php\/wp-json\/wp\/v2\/tags?post=3214"}],"curies":[{"name":"wp","href":"https:\/\/api.w.org\/{rel}","templated":true}]}}