{"id":2986,"date":"2025-09-01T05:26:25","date_gmt":"2025-09-01T05:26:25","guid":{"rendered":"http:\/\/www.lopsssdoner.com\/index.php\/2025\/09\/01\/assan-group-askeri-casusluk-suclamasiyla-acilan-sorusturmada-iki-tutuklama\/"},"modified":"2025-09-01T05:26:25","modified_gmt":"2025-09-01T05:26:25","slug":"assan-group-askeri-casusluk-suclamasiyla-acilan-sorusturmada-iki-tutuklama","status":"publish","type":"post","link":"https:\/\/www.abchukuk.com\/index.php\/2025\/09\/01\/assan-group-askeri-casusluk-suclamasiyla-acilan-sorusturmada-iki-tutuklama\/","title":{"rendered":"Assan Group: Askeri casusluk su\u00e7lamas\u0131yla a\u00e7\u0131lan soru\u015fturmada iki tutuklama"},"content":{"rendered":"<p>\u0130stanbul Cumhuriyet Ba\u015fsavc\u0131l\u0131\u011f\u0131&#8217;nca y\u00fcr\u00fct\u00fclen soru\u015fturma kapsam\u0131nda g\u00f6zalt\u0131na al\u0131nan Assan Group \u015firketinin sahibi Emin \u00d6ner ve \u015firket genel m\u00fcd\u00fcr\u00fc G\u00fcrcan Okumu\u015f tutukland\u0131.\u0130stanbul Cumhuriyet Ba\u015fsavc\u0131l\u0131\u011f\u0131&#8217;nca y\u00fcr\u00fct\u00fclen soru\u015fturma kapsam\u0131nda g\u00f6zalt\u0131na al\u0131nan Assan Group \u015firketinin sahibi Emin \u00d6ner ve \u015firket genel m\u00fcd\u00fcr\u00fc G\u00fcrcan Okumu\u015f tutukland\u0131.\u00a0<a href=\"https:\/\/www.bbc.com\/turkce\/articles\/czxyzwlkwnxo?at_medium=RSS&amp;at_campaign=rss\" target=\"_blank\" class=\"feedzy-rss-link-icon\">Read More<\/a><\/p>","protected":false},"excerpt":{"rendered":"<p>\u0130stanbul Cumhuriyet Ba\u015fsavc\u0131l\u0131\u011f\u0131&#8217;nca y\u00fcr\u00fct\u00fclen soru\u015fturma kapsam\u0131nda g\u00f6zalt\u0131na al\u0131nan Assan Group \u015firketinin sahibi Emin \u00d6ner ve \u015firket genel m\u00fcd\u00fcr\u00fc G\u00fcrcan Okumu\u015f tutukland\u0131.\u0130stanbul Cumhuriyet Ba\u015fsavc\u0131l\u0131\u011f\u0131&#8217;nca y\u00fcr\u00fct\u00fclen soru\u015fturma kapsam\u0131nda g\u00f6zalt\u0131na al\u0131nan Assan Group \u015firketinin sahibi Emin \u00d6ner ve \u015firket genel m\u00fcd\u00fcr\u00fc G\u00fcrcan Okumu\u015f tutukland\u0131.\u00a0Read More<\/p>\n","protected":false},"author":1,"featured_media":2920,"comment_status":"open","ping_status":"open","sticky":false,"template":"","format":"standard","meta":{"footnotes":"","_links_to":"","_links_to_target":""},"categories":[1],"tags":[],"class_list":["post-2986","post","type-post","status-publish","format-standard","has-post-thumbnail","hentry","category-haberler"],"_links":{"self":[{"href":"https:\/\/www.abchukuk.com\/index.php\/wp-json\/wp\/v2\/posts\/2986","targetHints":{"allow":["GET"]}}],"collection":[{"href":"https:\/\/www.abchukuk.com\/index.php\/wp-json\/wp\/v2\/posts"}],"about":[{"href":"https:\/\/www.abchukuk.com\/index.php\/wp-json\/wp\/v2\/types\/post"}],"author":[{"embeddable":true,"href":"https:\/\/www.abchukuk.com\/index.php\/wp-json\/wp\/v2\/users\/1"}],"replies":[{"embeddable":true,"href":"https:\/\/www.abchukuk.com\/index.php\/wp-json\/wp\/v2\/comments?post=2986"}],"version-history":[{"count":0,"href":"https:\/\/www.abchukuk.com\/index.php\/wp-json\/wp\/v2\/posts\/2986\/revisions"}],"wp:featuredmedia":[{"embeddable":true,"href":"https:\/\/www.abchukuk.com\/index.php\/wp-json\/wp\/v2\/media\/2920"}],"wp:attachment":[{"href":"https:\/\/www.abchukuk.com\/index.php\/wp-json\/wp\/v2\/media?parent=2986"}],"wp:term":[{"taxonomy":"category","embeddable":true,"href":"https:\/\/www.abchukuk.com\/index.php\/wp-json\/wp\/v2\/categories?post=2986"},{"taxonomy":"post_tag","embeddable":true,"href":"https:\/\/www.abchukuk.com\/index.php\/wp-json\/wp\/v2\/tags?post=2986"}],"curies":[{"name":"wp","href":"https:\/\/api.w.org\/{rel}","templated":true}]}}