{"id":2984,"date":"2025-09-01T10:01:02","date_gmt":"2025-09-01T10:01:02","guid":{"rendered":"http:\/\/www.lopsssdoner.com\/index.php\/2025\/09\/01\/beykoz-adliyesinde-adli-yil-acilisi\/"},"modified":"2025-09-01T10:01:02","modified_gmt":"2025-09-01T10:01:02","slug":"beykoz-adliyesinde-adli-yil-acilisi","status":"publish","type":"post","link":"https:\/\/www.abchukuk.com\/index.php\/2025\/09\/01\/beykoz-adliyesinde-adli-yil-acilisi\/","title":{"rendered":"Beykoz Adliyesinde adli y\u0131l a\u00e7\u0131l\u0131\u015f\u0131"},"content":{"rendered":"<p>Beykoz Cumhuriyet Ba\u015fsavc\u0131s\u0131 Do\u00e7. Dr. Bar\u0131\u015f Duman\u2019\u0131n ev sahipli\u011finde ger\u00e7ekle\u015fen yemekli programa; \u0130stanbul Cumhuriyet Ba\u015fsavc\u0131s\u0131 Ak\u0131n G\u00fcrlek, Beykoz Kaymakam\u0131 Dr. Fatih \u00dcrkmezer, \u0130stanbul Adalet Komisyon Ba\u015fkan\u0131 Ahmet Kocademir, Komisyon \u00dcyesi Murat Y\u0131ld\u0131z, Beykoz Ba\u015fsavc\u0131 Vekili Osman Berat \u00c7etin ile \u00e7ok say\u0131da hakim ve cumhuriyet savc\u0131s\u0131 kat\u0131ld\u0131.<\/p>\n<p><img loading=\"lazy\" decoding=\"async\" loading=\"lazy\" class=\"alignnone size-large wp-image-162477\" src=\"https:\/\/www.son.tv\/wp-content\/uploads\/2025\/09\/WhatsApp-Image-2025-09-01-at-12.36.51-768x1024.jpeg\" alt=\"\" width=\"768\" height=\"1024\" \/><\/p>\n<p>YARGININ \u0130HT\u0130YA\u00c7LARI MASAYA YATIRILDI<\/p>\n<p>Adli y\u0131l a\u00e7\u0131l\u0131\u015f yeme\u011finde yeni d\u00f6neme ili\u015fkin beklentiler ve yarg\u0131 te\u015fkilat\u0131n\u0131n ihtiya\u00e7lar\u0131 ele al\u0131nd\u0131.<\/p>\n<p><img loading=\"lazy\" decoding=\"async\" loading=\"lazy\" class=\"alignnone size-large wp-image-162480\" src=\"https:\/\/www.son.tv\/wp-content\/uploads\/2025\/09\/WhatsApp-Image-2025-09-01-at-12.53.33-1024x768.jpeg\" alt=\"\" width=\"1024\" height=\"768\" \/><\/p>\n<p>LOJMAN SORUNU G\u00dcNDEME GELD\u0130<\/p>\n<p>Programda konu\u015fan Beykoz Cumhuriyet Ba\u015fsavc\u0131s\u0131 Bar\u0131\u015f Duman, hakim ve savc\u0131lar\u0131n lojman s\u0131k\u0131nt\u0131s\u0131na \u00f6zellikle dikkat \u00e7ekti. Duman, Beykoz\u2019da Emlak Konut taraf\u0131ndan in\u015fa edilen konutlardan, bu a\u015famada ihtiya\u00e7 duyulan 25 adet 3+1 dairenin hizmete al\u0131nmas\u0131 i\u00e7in yo\u011fun giri\u015fimlerde bulunduklar\u0131n\u0131 belirterek, \u0130stanbul Cumhuriyet Ba\u015fsavc\u0131s\u0131 Ak\u0131n G\u00fcrlek\u2019ten de bu konuda destek istedi.<\/p>\n<p><img loading=\"lazy\" decoding=\"async\" loading=\"lazy\" class=\"alignnone size-large wp-image-162481\" src=\"https:\/\/www.son.tv\/wp-content\/uploads\/2025\/09\/WhatsApp-Image-2025-09-01-at-12.54.11-1024x768.jpeg\" alt=\"\" width=\"1024\" height=\"768\" \/><\/p>\n<p>G\u00dcRLEK\u2019TEN DESTEK S\u00d6Z\u00dc<\/p>\n<p>\u0130stanbul Cumhuriyet Ba\u015fsavc\u0131s\u0131 Ak\u0131n G\u00fcrlek, t\u00fcm hakim ve savc\u0131lar\u0131n yeni adli y\u0131l\u0131n\u0131 kutlad\u0131. G\u00fcrlek, Beykoz\u2019a hakim ve savc\u0131 lojman\u0131 kazand\u0131r\u0131lmas\u0131 konusundaki \u00e7al\u0131\u015fmalara en \u00fcst seviyede katk\u0131 verece\u011fini vurgulad\u0131.<\/p>\n<p><img loading=\"lazy\" decoding=\"async\" loading=\"lazy\" class=\"alignnone size-large wp-image-162483\" src=\"https:\/\/www.son.tv\/wp-content\/uploads\/2025\/09\/WhatsApp-Image-2025-09-01-at-12.54.14-1-1024x768.jpeg\" alt=\"\" width=\"1024\" height=\"768\" \/><\/p>\n<p>Beykoz Adliyesinde yeni adli y\u0131l, d\u00fczenlenen yemek program\u0131yla kutland\u0131.\u00a0<a href=\"https:\/\/www.son.tv\/beykoz-adliyesinde-adli-yil-acilisi\/\" target=\"_blank\" class=\"feedzy-rss-link-icon\">Read More<\/a><\/p>","protected":false},"excerpt":{"rendered":"<p>Beykoz Cumhuriyet Ba\u015fsavc\u0131s\u0131 Do\u00e7. Dr. Bar\u0131\u015f Duman\u2019\u0131n ev sahipli\u011finde ger\u00e7ekle\u015fen yemekli programa; \u0130stanbul Cumhuriyet Ba\u015fsavc\u0131s\u0131 Ak\u0131n G\u00fcrlek, Beykoz Kaymakam\u0131 Dr. Fatih \u00dcrkmezer, \u0130stanbul Adalet Komisyon Ba\u015fkan\u0131 Ahmet Kocademir, Komisyon \u00dcyesi Murat Y\u0131ld\u0131z, Beykoz Ba\u015fsavc\u0131 Vekili Osman Berat \u00c7etin ile \u00e7ok say\u0131da hakim ve cumhuriyet savc\u0131s\u0131 kat\u0131ld\u0131. YARGININ \u0130HT\u0130YA\u00c7LARI MASAYA YATIRILDI Adli y\u0131l a\u00e7\u0131l\u0131\u015f yeme\u011finde yeni [&hellip;]<\/p>\n","protected":false},"author":1,"featured_media":2985,"comment_status":"open","ping_status":"open","sticky":false,"template":"","format":"standard","meta":{"footnotes":"","_links_to":"","_links_to_target":""},"categories":[1],"tags":[],"class_list":["post-2984","post","type-post","status-publish","format-standard","has-post-thumbnail","hentry","category-haberler"],"_links":{"self":[{"href":"https:\/\/www.abchukuk.com\/index.php\/wp-json\/wp\/v2\/posts\/2984","targetHints":{"allow":["GET"]}}],"collection":[{"href":"https:\/\/www.abchukuk.com\/index.php\/wp-json\/wp\/v2\/posts"}],"about":[{"href":"https:\/\/www.abchukuk.com\/index.php\/wp-json\/wp\/v2\/types\/post"}],"author":[{"embeddable":true,"href":"https:\/\/www.abchukuk.com\/index.php\/wp-json\/wp\/v2\/users\/1"}],"replies":[{"embeddable":true,"href":"https:\/\/www.abchukuk.com\/index.php\/wp-json\/wp\/v2\/comments?post=2984"}],"version-history":[{"count":0,"href":"https:\/\/www.abchukuk.com\/index.php\/wp-json\/wp\/v2\/posts\/2984\/revisions"}],"wp:featuredmedia":[{"embeddable":true,"href":"https:\/\/www.abchukuk.com\/index.php\/wp-json\/wp\/v2\/media\/2985"}],"wp:attachment":[{"href":"https:\/\/www.abchukuk.com\/index.php\/wp-json\/wp\/v2\/media?parent=2984"}],"wp:term":[{"taxonomy":"category","embeddable":true,"href":"https:\/\/www.abchukuk.com\/index.php\/wp-json\/wp\/v2\/categories?post=2984"},{"taxonomy":"post_tag","embeddable":true,"href":"https:\/\/www.abchukuk.com\/index.php\/wp-json\/wp\/v2\/tags?post=2984"}],"curies":[{"name":"wp","href":"https:\/\/api.w.org\/{rel}","templated":true}]}}