{"id":2982,"date":"2025-09-01T10:33:57","date_gmt":"2025-09-01T10:33:57","guid":{"rendered":"http:\/\/www.lopsssdoner.com\/index.php\/2025\/09\/01\/adli-yil-acilisina-anadolu-adliyesi-ev-sahipligi-yapti\/"},"modified":"2025-09-01T10:33:57","modified_gmt":"2025-09-01T10:33:57","slug":"adli-yil-acilisina-anadolu-adliyesi-ev-sahipligi-yapti","status":"publish","type":"post","link":"https:\/\/www.abchukuk.com\/index.php\/2025\/09\/01\/adli-yil-acilisina-anadolu-adliyesi-ev-sahipligi-yapti\/","title":{"rendered":"Adli y\u0131l a\u00e7\u0131l\u0131\u015f\u0131na Anadolu Adliyesi ev sahipli\u011fi yapt\u0131"},"content":{"rendered":"<p>Her y\u0131l farkl\u0131 adliyede ger\u00e7ekle\u015ftirilen t\u00f6renin bu y\u0131l \u0130stanbul Anadolu Adliyesi\u2019nde d\u00fczenlenmesi kararla\u015ft\u0131r\u0131ld\u0131. \u0130stanbul Anadolu Cumhuriyet Ba\u015fsavc\u0131s\u0131 Zafer Ko\u00e7, Komisyon Ba\u015fkan\u0131 Ahmet Kaya \u00f6nderli\u011finde d\u00fczenlenen t\u00f6ren, adliyenin E Blok protokol kat\u0131nda ger\u00e7ekle\u015ftirildi. T\u00f6rene \u0130stanbul B\u00f6lge Adliye ve B\u00f6lge \u0130dare Mahkemeleri ile \u0130stanbul\u2019da bulunan t\u00fcm adliyelerin ba\u015fsavc\u0131lar\u0131, ba\u015fkanlar\u0131 ve yarg\u0131 mensuplar\u0131n\u0131n da kat\u0131ld\u0131.<\/p>\n<p><img loading=\"lazy\" decoding=\"async\" loading=\"lazy\" class=\"alignnone size-large wp-image-162491\" src=\"https:\/\/www.son.tv\/wp-content\/uploads\/2025\/09\/WhatsApp-Image-2025-09-01-at-13.18.13-1024x768.jpeg\" alt=\"\" width=\"1024\" height=\"768\" \/><\/p>\n<p>YARGI CAM\u0130ASI ANADOLU ADL\u0130YES\u0130\u2019NDE<\/p>\n<p>Saat 10.00 itibar\u0131yla ba\u015flayan t\u00f6rene \u0130stanbul Cumhuriyet Ba\u015fsavc\u0131s\u0131 Ak\u0131n G\u00fcrlek, \u0130stanbul Adalet Komisyonu Ba\u015fkan\u0131 Ahmet \u00d6nder Kocademir, Bak\u0131rk\u00f6y Cumhuriyet Ba\u015fsavc\u0131s\u0131 H\u00fcseyin G\u00fcm\u00fc\u015f, Bak\u0131rk\u00f6y Adalet Komisyonu Ba\u015fkan\u0131 Arif T\u0131r\u0131l, Silivri Cumhuriyet Ba\u015fsavc\u0131s\u0131 Orhan Sa\u011flam, Silivri Adalet Komisyonu Ba\u015fkan\u0131 Yusuf B\u00f6ke, K\u00fc\u00e7\u00fck\u00e7ekmece Cumhuriyet Ba\u015fsavc\u0131s\u0131 Vedat Yi\u011fit, K\u00fc\u00e7\u00fck\u00e7ekmece Adalet Komisyonu Ba\u015fkan\u0131 Ha\u015fim \u00d6zayd\u0131n, \u015eile Cumhuriyet Ba\u015fsavc\u0131s\u0131 Burhan Evgar, Beykoz Cumhuriyet Ba\u015fsavc\u0131s\u0131 Do\u00e7. Dr. Bar\u0131\u015f Duman, Adalar Cumhuriyet Ba\u015fsavc\u0131l\u0131\u011f\u0131, Gaziosmanpa\u015fa Cumhuriyet Ba\u015fsavc\u0131s\u0131 Hasan Dalak, Gaziosmanpa\u015fa Adalet Komisyonu Ba\u015fkan\u0131 Ramazan Oru\u00e7, \u00c7atalca Cumhuriyet Ba\u015fsavc\u0131s\u0131 Yunus Tun\u00e7, B\u00fcy\u00fck\u00e7ekmece Cumhuriyet Ba\u015fsavc\u0131s\u0131 Mehmet Ayd\u0131n, \u0130stanbul BAM Cumhuriyet Ba\u015fsavc\u0131s\u0131 Metin Sar\u0131han, \u0130stanbul BAM Adalet Komisyonu Ba\u015fkan\u0131 Hazar Turan Alim, \u0130stanbul B\u0130M Ba\u015fkan\u0131 Recep Y\u0131lmaz Korkmaz, \u0130stanbul Valisi Davut G\u00fcl, \u0130stanbul \u0130l Emniyet M\u00fcd\u00fcr\u00fc Selami Y\u0131ld\u0131z, \u0130stanbul \u0130l Jandarma Komutan\u0131 Yusuf Kenan Topcu, 1. Ordu ve \u0130stanbul Garnizon Komutan\u0131, Sahil G\u00fcvenlik Marmara ve Bo\u011fazlar B\u00f6lge Komutan\u0131 T\u00fcmamiral Serkan Tezel, Hsk \u00fcyesi Ali\u015fan tiryaki Mv. \u015eeng\u00fcl Karsl\u0131, Savc\u0131 Selim Kiraz\u2019\u0131n babas\u0131 Hakk\u0131 Kiraz ve Anadolu yakas\u0131 kaymakamlar\u0131 kat\u0131ld\u0131.<\/p>\n<p><img loading=\"lazy\" decoding=\"async\" loading=\"lazy\" class=\"alignnone size-large wp-image-162492\" src=\"https:\/\/www.son.tv\/wp-content\/uploads\/2025\/09\/WhatsApp-Image-2025-09-01-at-13.18.11-1024x768.jpeg\" alt=\"\" width=\"1024\" height=\"768\" \/><\/p>\n<p>\u201cHUKUKA DUYULAN G\u00dcVEN \u0130\u00c7\u0130N VARIZ\u201d<\/p>\n<p>Programda konu\u015fan Anadolu Adliyesi Cumhuriyet Ba\u015fsavc\u0131s\u0131 Zafer Ko\u00e7, \u201cBug\u00fcn b\u00fcy\u00fck bir heyecan ve sorumluluk duygusu ile; 2025\u20132026 adli y\u0131l\u0131n\u0131n a\u00e7\u0131l\u0131\u015f\u0131n\u0131 ger\u00e7ekle\u015ftirmek \u00fczere burada toplanm\u0131\u015f bulunuyoruz. \u0130stanbul Anadolu adliyemiz, m\u00fclhakatlar\u0131yla beraber 14 ayr\u0131 il\u00e7enin d\u00e2hil oldu\u011fu yetki \u00e7evresi ve 360.000 m\u00b2\u2019lik kapal\u0131 alan\u0131yla \u2018d\u00fcnyan\u0131n en b\u00fcy\u00fck adliyesi\u2019 s\u0131fat\u0131n\u0131 ta\u015f\u0131maktad\u0131r. 2024 n\u00fcfus say\u0131m\u0131 verilerine g\u00f6re, kay\u0131tl\u0131 6 milyona yak\u0131n n\u00fcfuslu bir kitleye hizmeti sunmaktad\u0131r. H\u00e2lihaz\u0131rda adliyemizde 1 Cumhuriyet Ba\u015fsavc\u0131s\u0131, 26 Cumhuriyet Ba\u015fsavc\u0131 Vekili, 279 Cumhuriyet savc\u0131s\u0131 ile 544 h\u00e2kim g\u00f6rev yapmaktad\u0131r. Ayr\u0131ca adliye b\u00fcnyesinde t\u00fcm unvanlarda 4421 personelimiz hizmet vermeye devam etmektedir. Cumhuriyet Ba\u015fsavc\u0131l\u0131\u011f\u0131m\u0131z toplam 26 soru\u015fturma b\u00fcrosu ile hizmet vermektedir. Adliyemiz b\u00fcnyesinde toplam 392 mahkeme birimi bulunmaktad\u0131r. 2024 y\u0131l\u0131 itibar\u0131yla Cumhuriyet Ba\u015fsavc\u0131l\u0131\u011f\u0131m\u0131z b\u00fcnyesinde kayda giren dosya say\u0131s\u0131 327.871 olup, muktezaya ba\u011flan\u0131p \u00e7\u0131kan dosya say\u0131s\u0131 ise 330.827\u2019dir. Adaletin tesisi, yaln\u0131zca yarg\u0131 organlar\u0131n\u0131n de\u011fil, t\u00fcm kurumlar\u0131n ve toplumun ortak sorumlulu\u011fudur. Hukuka ve adalete duyulan g\u00fcvenin g\u00fc\u00e7lenmesi, devletimizin bekas\u0131, milletimizin refah\u0131 ve demokrasimizin sa\u011flam temellere oturmas\u0131 a\u00e7\u0131s\u0131ndan b\u00fcy\u00fck \u00f6nem ta\u015f\u0131maktad\u0131r. Bu d\u00fc\u015f\u00fcncelerle 2025-2026 adli y\u0131l\u0131n \u00fclkemize devletimize, yarg\u0131 te\u015fkilat\u0131m\u0131za ve aziz milletimize hay\u0131rlar getirmesini diliyorum\u201d dedi.<\/p>\n<p><img loading=\"lazy\" decoding=\"async\" loading=\"lazy\" class=\"alignnone size-large wp-image-162493\" src=\"https:\/\/www.son.tv\/wp-content\/uploads\/2025\/09\/WhatsApp-Image-2025-09-01-at-13.18.10-768x1024.jpeg\" alt=\"\" width=\"768\" height=\"1024\" \/><\/p>\n<p>\u201c\u0130STANBUL MESLEK\u0130 TECR\u00dcBE GEREKT\u0130R\u0130R\u201d<\/p>\n<p>Yarg\u0131 \u015fehitlerini yad ederek konu\u015fmas\u0131na ba\u015flayan Anadolu Adalet Komisyonu Ba\u015fkan\u0131 Ahmet Kaya, \u201cBu adli y\u0131lda aram\u0131zdan ayr\u0131lan ve aram\u0131za kat\u0131lan yeni yarg\u0131 mensubu arkada\u015flara ba\u015far\u0131lar diliyorum. Di\u011fer \u015fehirlere nazaran \u0130stanbul\u2019umuz hem i\u015f hacmi, hem de mesleki tecr\u00fcbe gerektiren davalar\u0131yla farkl\u0131d\u0131r. Bu sebeple bu \u015fehirde hakim, savc\u0131 olmak hem ayr\u0131cal\u0131k, hem de a\u011f\u0131r bir sorumluluk gerektirir. Toplumun adalete olan g\u00fcven duygusunu icra eden bizlerin adli s\u00fcre\u00e7te \u00fcretti\u011fi hizmetlerin kalitesi artt\u0131k\u00e7a, duyulan g\u00fcven de artacakt\u0131r\u201d<\/p>\n<p><img loading=\"lazy\" decoding=\"async\" loading=\"lazy\" class=\"alignnone size-large wp-image-162494\" src=\"https:\/\/www.son.tv\/wp-content\/uploads\/2025\/09\/WhatsApp-Image-2025-09-01-at-13.18.08-1-1024x768.jpeg\" alt=\"\" width=\"1024\" height=\"768\" \/><\/p>\n<p>\u201cDOSYA \u0130LK A\u00c7ILDI\u011eINDA M\u00dcH\u0130M OLAN \u0130NSANI G\u00d6RMEKT\u0130R\u201d<\/p>\n<p>HSK \u00fcyesi Ali\u015fan Tiryaki ise \u201c\u0130nsan\u0131n varl\u0131\u011f\u0131, \u00f6z\u00fc ve \u00f6zeti oldu\u011funu hat\u0131rdan \u00e7\u0131karmadan adaleti ula\u015f\u0131lmas\u0131 gereken en b\u00fcy\u00fck \u00fclk\u00fc olarak g\u00f6ren ve buna ula\u015fmak i\u00e7in elinden geleni ard\u0131na koymayan, gecesini g\u00fcnd\u00fcz\u00fcne katan yarg\u0131 mensubu, dosyay\u0131 a\u00e7t\u0131\u011f\u0131nda orada \u00f6nce insan\u0131 g\u00f6rmektedir. Bu ad\u0131m\u0131 att\u0131\u011f\u0131m\u0131zda inan\u0131yorum ki adaleti ili\u015fkin ilk ad\u0131m\u0131 da atm\u0131\u015f olaca\u011f\u0131z\u201d \u015feklinde konu\u015ftu.<\/p>\n<p><img loading=\"lazy\" decoding=\"async\" loading=\"lazy\" class=\"alignnone size-large wp-image-162507\" src=\"https:\/\/www.son.tv\/wp-content\/uploads\/2025\/09\/WhatsApp-Image-2025-09-01-at-13.17.58-1-1024x768.jpeg\" alt=\"\" width=\"1024\" height=\"768\" \/><\/p>\n<p>Konu\u015fmalar\u0131n bitmesinin ard\u0131ndan adliyenin toplant\u0131 salonunda ve bah\u00e7esinde foto\u011fraf \u00e7ekimi ger\u00e7ekle\u015ftirildi. Ard\u0131ndan t\u00f6ren son buldu.<\/p>\n<p><img loading=\"lazy\" decoding=\"async\" loading=\"lazy\" class=\"alignnone size-large wp-image-162495\" src=\"https:\/\/www.son.tv\/wp-content\/uploads\/2025\/09\/WhatsApp-Image-2025-09-01-at-13.17.54-768x1024.jpeg\" alt=\"\" width=\"768\" height=\"1024\" \/><\/p>\n<p><img loading=\"lazy\" decoding=\"async\" loading=\"lazy\" class=\"alignnone size-large wp-image-162496\" src=\"https:\/\/www.son.tv\/wp-content\/uploads\/2025\/09\/WhatsApp-Image-2025-09-01-at-13.18.22-768x1024.jpeg\" alt=\"\" width=\"768\" height=\"1024\" \/> \u00a0 \u00a0<img loading=\"lazy\" decoding=\"async\" loading=\"lazy\" class=\"alignnone size-large wp-image-162500\" src=\"https:\/\/www.son.tv\/wp-content\/uploads\/2025\/09\/WhatsApp-Image-2025-09-01-at-13.18.19-4-768x1024.jpeg\" alt=\"\" width=\"768\" height=\"1024\" \/> <img loading=\"lazy\" decoding=\"async\" loading=\"lazy\" class=\"alignnone size-large wp-image-162501\" src=\"https:\/\/www.son.tv\/wp-content\/uploads\/2025\/09\/WhatsApp-Image-2025-09-01-at-13.18.18-2-768x1024.jpeg\" alt=\"\" width=\"768\" height=\"1024\" \/> <img loading=\"lazy\" decoding=\"async\" loading=\"lazy\" class=\"alignnone size-large wp-image-162502\" src=\"https:\/\/www.son.tv\/wp-content\/uploads\/2025\/09\/WhatsApp-Image-2025-09-01-at-13.18.06-1-1024x768.jpeg\" alt=\"\" width=\"1024\" height=\"768\" \/> <img loading=\"lazy\" decoding=\"async\" loading=\"lazy\" class=\"alignnone size-large wp-image-162503\" src=\"https:\/\/www.son.tv\/wp-content\/uploads\/2025\/09\/WhatsApp-Image-2025-09-01-at-13.18.05-1024x768.jpeg\" alt=\"\" width=\"1024\" height=\"768\" \/> <img loading=\"lazy\" decoding=\"async\" loading=\"lazy\" class=\"alignnone size-large wp-image-162504\" src=\"https:\/\/www.son.tv\/wp-content\/uploads\/2025\/09\/WhatsApp-Image-2025-09-01-at-13.18.03-1024x768.jpeg\" alt=\"\" width=\"1024\" height=\"768\" \/> <img loading=\"lazy\" decoding=\"async\" loading=\"lazy\" class=\"alignnone size-large wp-image-162505\" src=\"https:\/\/www.son.tv\/wp-content\/uploads\/2025\/09\/WhatsApp-Image-2025-09-01-at-13.18.00-1-768x1024.jpeg\" alt=\"\" width=\"768\" height=\"1024\" \/> <img loading=\"lazy\" decoding=\"async\" loading=\"lazy\" class=\"alignnone size-large wp-image-162506\" src=\"https:\/\/www.son.tv\/wp-content\/uploads\/2025\/09\/WhatsApp-Image-2025-09-01-at-13.18.00-768x1024.jpeg\" alt=\"\" width=\"768\" height=\"1024\" \/> \u00a0<img loading=\"lazy\" decoding=\"async\" loading=\"lazy\" class=\"alignnone size-large wp-image-162508\" src=\"https:\/\/www.son.tv\/wp-content\/uploads\/2025\/09\/WhatsApp-Image-2025-09-01-at-13.17.58-768x1024.jpeg\" alt=\"\" width=\"768\" height=\"1024\" \/> <img loading=\"lazy\" decoding=\"async\" loading=\"lazy\" class=\"alignnone size-large wp-image-162509\" src=\"https:\/\/www.son.tv\/wp-content\/uploads\/2025\/09\/WhatsApp-Image-2025-09-01-at-13.18.21-768x1024.jpeg\" alt=\"\" width=\"768\" height=\"1024\" \/> \u00a0 \u00a0 \u00a0\u00a0<img loading=\"lazy\" decoding=\"async\" loading=\"lazy\" class=\"alignnone size-large wp-image-162516\" src=\"https:\/\/www.son.tv\/wp-content\/uploads\/2025\/09\/WhatsApp-Image-2025-09-01-at-13.18.19-1-768x1024.jpeg\" alt=\"\" width=\"768\" height=\"1024\" \/> \u00a0<img loading=\"lazy\" decoding=\"async\" loading=\"lazy\" class=\"alignnone size-large wp-image-162518\" src=\"https:\/\/www.son.tv\/wp-content\/uploads\/2025\/09\/WhatsApp-Image-2025-09-01-at-13.18.18-1-768x1024.jpeg\" alt=\"\" width=\"768\" height=\"1024\" \/> \u00a0<img loading=\"lazy\" decoding=\"async\" loading=\"lazy\" class=\"alignnone size-large wp-image-162520\" src=\"https:\/\/www.son.tv\/wp-content\/uploads\/2025\/09\/WhatsApp-Image-2025-09-01-at-13.18.12-768x1024.jpeg\" alt=\"\" width=\"768\" height=\"1024\" \/> \u00a0<img loading=\"lazy\" decoding=\"async\" loading=\"lazy\" class=\"alignnone size-large wp-image-162522\" src=\"https:\/\/www.son.tv\/wp-content\/uploads\/2025\/09\/WhatsApp-Image-2025-09-01-at-13.18.07-768x1024.jpeg\" alt=\"\" width=\"768\" height=\"1024\" \/><\/p>\n<p>\u0130stanbul\u2019da 1 Eyl\u00fcl itibar\u0131yla yeni adli y\u0131l\u0131n a\u00e7\u0131l\u0131\u015f t\u00f6reni bu y\u0131l Anadolu Adliyesi\u2019nde ger\u00e7ekle\u015ftirildi. D\u00fcnyan\u0131n en b\u00fcy\u00fck adliyesi olma \u00f6zelli\u011fini ta\u015f\u0131yan Anadolu Adliyesi, 2025-2026 adli y\u0131l a\u00e7\u0131l\u0131\u015f t\u00f6renine ev sahipli\u011fi yapt\u0131. Ba\u015fsavc\u0131 Zafer Ko\u00e7 ve Komisyon Ba\u015fkan\u0131 Ahmet Kaya \u00f6nderli\u011finde d\u00fczenlenen adli y\u0131l a\u00e7\u0131l\u0131\u015f t\u00f6renine \u0130stanbul\u2019daki t\u00fcm adliyelerden yarg\u0131 mensuplar\u0131 kat\u0131ld\u0131.\u00a0<a href=\"https:\/\/www.son.tv\/adli-yil-acilisina-anadolu-adliyesi-ev-sahipligi-yapti\/\" target=\"_blank\" class=\"feedzy-rss-link-icon\">Read More<\/a><\/p>","protected":false},"excerpt":{"rendered":"<p>Her y\u0131l farkl\u0131 adliyede ger\u00e7ekle\u015ftirilen t\u00f6renin bu y\u0131l \u0130stanbul Anadolu Adliyesi\u2019nde d\u00fczenlenmesi kararla\u015ft\u0131r\u0131ld\u0131. \u0130stanbul Anadolu Cumhuriyet Ba\u015fsavc\u0131s\u0131 Zafer Ko\u00e7, Komisyon Ba\u015fkan\u0131 Ahmet Kaya \u00f6nderli\u011finde d\u00fczenlenen t\u00f6ren, adliyenin E Blok protokol kat\u0131nda ger\u00e7ekle\u015ftirildi. T\u00f6rene \u0130stanbul B\u00f6lge Adliye ve B\u00f6lge \u0130dare Mahkemeleri ile \u0130stanbul\u2019da bulunan t\u00fcm adliyelerin ba\u015fsavc\u0131lar\u0131, ba\u015fkanlar\u0131 ve yarg\u0131 mensuplar\u0131n\u0131n da kat\u0131ld\u0131. YARGI CAM\u0130ASI ANADOLU [&hellip;]<\/p>\n","protected":false},"author":1,"featured_media":2983,"comment_status":"open","ping_status":"open","sticky":false,"template":"","format":"standard","meta":{"footnotes":"","_links_to":"","_links_to_target":""},"categories":[1],"tags":[],"class_list":["post-2982","post","type-post","status-publish","format-standard","has-post-thumbnail","hentry","category-haberler"],"_links":{"self":[{"href":"https:\/\/www.abchukuk.com\/index.php\/wp-json\/wp\/v2\/posts\/2982","targetHints":{"allow":["GET"]}}],"collection":[{"href":"https:\/\/www.abchukuk.com\/index.php\/wp-json\/wp\/v2\/posts"}],"about":[{"href":"https:\/\/www.abchukuk.com\/index.php\/wp-json\/wp\/v2\/types\/post"}],"author":[{"embeddable":true,"href":"https:\/\/www.abchukuk.com\/index.php\/wp-json\/wp\/v2\/users\/1"}],"replies":[{"embeddable":true,"href":"https:\/\/www.abchukuk.com\/index.php\/wp-json\/wp\/v2\/comments?post=2982"}],"version-history":[{"count":0,"href":"https:\/\/www.abchukuk.com\/index.php\/wp-json\/wp\/v2\/posts\/2982\/revisions"}],"wp:featuredmedia":[{"embeddable":true,"href":"https:\/\/www.abchukuk.com\/index.php\/wp-json\/wp\/v2\/media\/2983"}],"wp:attachment":[{"href":"https:\/\/www.abchukuk.com\/index.php\/wp-json\/wp\/v2\/media?parent=2982"}],"wp:term":[{"taxonomy":"category","embeddable":true,"href":"https:\/\/www.abchukuk.com\/index.php\/wp-json\/wp\/v2\/categories?post=2982"},{"taxonomy":"post_tag","embeddable":true,"href":"https:\/\/www.abchukuk.com\/index.php\/wp-json\/wp\/v2\/tags?post=2982"}],"curies":[{"name":"wp","href":"https:\/\/api.w.org\/{rel}","templated":true}]}}