{"id":2980,"date":"2025-09-01T11:37:00","date_gmt":"2025-09-01T11:37:00","guid":{"rendered":"http:\/\/www.lopsssdoner.com\/index.php\/2025\/09\/01\/istanbul-barosu-gecen-donemin-degerlendirmesini-yapti-tutuklama-tumuyle-keyfi-olarak-kullanildi\/"},"modified":"2025-09-01T11:37:00","modified_gmt":"2025-09-01T11:37:00","slug":"istanbul-barosu-gecen-donemin-degerlendirmesini-yapti-tutuklama-tumuyle-keyfi-olarak-kullanildi","status":"publish","type":"post","link":"https:\/\/www.abchukuk.com\/index.php\/2025\/09\/01\/istanbul-barosu-gecen-donemin-degerlendirmesini-yapti-tutuklama-tumuyle-keyfi-olarak-kullanildi\/","title":{"rendered":"\u0130stanbul Barosu ge\u00e7en d\u00f6nemin de\u011ferlendirmesini yapt\u0131: &#8216;Tutuklama t\u00fcm\u00fcyle keyfi olarak kullan\u0131ld\u0131&#8217;"},"content":{"rendered":"<p>\u0130stanbul Barosu, 2025-2026 adli y\u0131l\u0131n\u0131n ilk g\u00fcn\u00fc nedeniyle bas\u0131n a\u00e7\u0131klamas\u0131 ger\u00e7ekle\u015ftirdi. Demokratik muhalefetin ge\u00e7ti\u011fimiz adli y\u0131lda yara ald\u0131\u011f\u0131n\u0131 s\u00f6yleyen \u0130stanbul Barosu Ba\u015fkan\u0131 \u0130brahim \u00d6zden Kabo\u011flu, \u201cSu\u00e7a ili\u015fkin bir \u00f6nlem olan tutuklama kurumu, t\u00fcm\u00fcyle keyfi olarak kullan\u0131lm\u0131\u015f ve iktidar\u0131n emrindeki siyasi \u015f\u00fcpheli tutuklamalar zirveye \u00e7\u0131km\u0131\u015ft\u0131r. Masumiyet karinesi sistematik olarak ihlal edilmi\u015ftir&#8221; dedi.\u0130stanbul Barosu, 2025-2026 adli y\u0131l\u0131n\u0131n ilk g\u00fcn\u00fc nedeniyle bas\u0131n a\u00e7\u0131klamas\u0131 ger\u00e7ekle\u015ftirdi. Demokratik muhalefetin ge\u00e7ti\u011fimiz adli y\u0131lda yara ald\u0131\u011f\u0131n\u0131 s\u00f6yleyen \u0130stanbul Barosu Ba\u015fkan\u0131 \u0130brahim \u00d6zden Kabo\u011flu, \u201cSu\u00e7a ili\u015fkin bir \u00f6nlem olan tutuklama kurumu, t\u00fcm\u00fcyle keyfi olarak kullan\u0131lm\u0131\u015f ve iktidar\u0131n emrindeki siyasi \u015f\u00fcpheli tutuklamalar zirveye \u00e7\u0131km\u0131\u015ft\u0131r. Masumiyet karinesi sistematik olarak ihlal edilmi\u015ftir&#8221; dedi.\u00a0<a href=\"https:\/\/www.cumhuriyet.com.tr\/turkiye\/istanbul-barosu-gecen-donemin-degerlendirmesini-yapti-tutuklama-tumuyle-keyfi-olarak-kullanildi-2431280\" target=\"_blank\" class=\"feedzy-rss-link-icon\">Read More<\/a><\/p>","protected":false},"excerpt":{"rendered":"<p>\u0130stanbul Barosu, 2025-2026 adli y\u0131l\u0131n\u0131n ilk g\u00fcn\u00fc nedeniyle bas\u0131n a\u00e7\u0131klamas\u0131 ger\u00e7ekle\u015ftirdi. Demokratik muhalefetin ge\u00e7ti\u011fimiz adli y\u0131lda yara ald\u0131\u011f\u0131n\u0131 s\u00f6yleyen \u0130stanbul Barosu Ba\u015fkan\u0131 \u0130brahim \u00d6zden Kabo\u011flu, \u201cSu\u00e7a ili\u015fkin bir \u00f6nlem olan tutuklama kurumu, t\u00fcm\u00fcyle keyfi olarak kullan\u0131lm\u0131\u015f ve iktidar\u0131n emrindeki siyasi \u015f\u00fcpheli tutuklamalar zirveye \u00e7\u0131km\u0131\u015ft\u0131r. Masumiyet karinesi sistematik olarak ihlal edilmi\u015ftir&#8221; dedi.\u0130stanbul Barosu, 2025-2026 adli y\u0131l\u0131n\u0131n [&hellip;]<\/p>\n","protected":false},"author":1,"featured_media":2981,"comment_status":"open","ping_status":"open","sticky":false,"template":"","format":"standard","meta":{"footnotes":"","_links_to":"","_links_to_target":""},"categories":[1],"tags":[],"class_list":["post-2980","post","type-post","status-publish","format-standard","has-post-thumbnail","hentry","category-haberler"],"_links":{"self":[{"href":"https:\/\/www.abchukuk.com\/index.php\/wp-json\/wp\/v2\/posts\/2980","targetHints":{"allow":["GET"]}}],"collection":[{"href":"https:\/\/www.abchukuk.com\/index.php\/wp-json\/wp\/v2\/posts"}],"about":[{"href":"https:\/\/www.abchukuk.com\/index.php\/wp-json\/wp\/v2\/types\/post"}],"author":[{"embeddable":true,"href":"https:\/\/www.abchukuk.com\/index.php\/wp-json\/wp\/v2\/users\/1"}],"replies":[{"embeddable":true,"href":"https:\/\/www.abchukuk.com\/index.php\/wp-json\/wp\/v2\/comments?post=2980"}],"version-history":[{"count":0,"href":"https:\/\/www.abchukuk.com\/index.php\/wp-json\/wp\/v2\/posts\/2980\/revisions"}],"wp:featuredmedia":[{"embeddable":true,"href":"https:\/\/www.abchukuk.com\/index.php\/wp-json\/wp\/v2\/media\/2981"}],"wp:attachment":[{"href":"https:\/\/www.abchukuk.com\/index.php\/wp-json\/wp\/v2\/media?parent=2980"}],"wp:term":[{"taxonomy":"category","embeddable":true,"href":"https:\/\/www.abchukuk.com\/index.php\/wp-json\/wp\/v2\/categories?post=2980"},{"taxonomy":"post_tag","embeddable":true,"href":"https:\/\/www.abchukuk.com\/index.php\/wp-json\/wp\/v2\/tags?post=2980"}],"curies":[{"name":"wp","href":"https:\/\/api.w.org\/{rel}","templated":true}]}}