{"id":2979,"date":"2025-09-01T11:42:55","date_gmt":"2025-09-01T11:42:55","guid":{"rendered":"http:\/\/www.lopsssdoner.com\/index.php\/2025\/09\/01\/bebegini-cope-birakmisti-adliyeye-sevk-edilen-anne-bebegi-biraktiktan-sonra-da-alisverise-gitmis\/"},"modified":"2025-09-01T11:42:55","modified_gmt":"2025-09-01T11:42:55","slug":"bebegini-cope-birakmisti-adliyeye-sevk-edilen-anne-bebegi-biraktiktan-sonra-da-alisverise-gitmis","status":"publish","type":"post","link":"https:\/\/www.abchukuk.com\/index.php\/2025\/09\/01\/bebegini-cope-birakmisti-adliyeye-sevk-edilen-anne-bebegi-biraktiktan-sonra-da-alisverise-gitmis\/","title":{"rendered":"Bebe\u011fini \u00e7\u00f6pe b\u0131rakm\u0131\u015ft\u0131: Adliyeye sevk edilen anne, bebe\u011fi b\u0131rakt\u0131ktan sonra da al\u0131\u015fveri\u015fe gitmi\u015f"},"content":{"rendered":"<p>Be\u015fikta\u015f&#8217;ta \u00e7\u00f6pte bulunan bebek cesediyle ilgili soru\u015fturmada g\u00f6zalt\u0131na al\u0131nan annenin ifadesi ortaya \u00e7\u0131kt\u0131. Annenin bebe\u011fi b\u0131rakt\u0131ktan sonra al\u0131\u015fveri\u015fe gitti\u011fini s\u00f6yledi\u011fi belirtildi.Be\u015fikta\u015f&#8217;ta \u00e7\u00f6pte bulunan bebek cesediyle ilgili soru\u015fturmada g\u00f6zalt\u0131na al\u0131nan annenin ifadesi ortaya \u00e7\u0131kt\u0131. Annenin bebe\u011fi b\u0131rakt\u0131ktan sonra al\u0131\u015fveri\u015fe gitti\u011fini s\u00f6yledi\u011fi belirtildi.\u00a0<a href=\"https:\/\/anlatilaninotesi.com.tr\/20250901\/bebegini-cope-birakmisti-adliyeye-sevk-edilen-anne-bebegi-biraktiktan-sonra-da-alisverise-gitmis-1098986288.html\" target=\"_blank\" class=\"feedzy-rss-link-icon\">Read More<\/a><\/p>","protected":false},"excerpt":{"rendered":"<p>Be\u015fikta\u015f&#8217;ta \u00e7\u00f6pte bulunan bebek cesediyle ilgili soru\u015fturmada g\u00f6zalt\u0131na al\u0131nan annenin ifadesi ortaya \u00e7\u0131kt\u0131. Annenin bebe\u011fi b\u0131rakt\u0131ktan sonra al\u0131\u015fveri\u015fe gitti\u011fini s\u00f6yledi\u011fi belirtildi.Be\u015fikta\u015f&#8217;ta \u00e7\u00f6pte bulunan bebek cesediyle ilgili soru\u015fturmada g\u00f6zalt\u0131na al\u0131nan annenin ifadesi ortaya \u00e7\u0131kt\u0131. Annenin bebe\u011fi b\u0131rakt\u0131ktan sonra al\u0131\u015fveri\u015fe gitti\u011fini s\u00f6yledi\u011fi belirtildi.\u00a0Read More<\/p>\n","protected":false},"author":1,"featured_media":0,"comment_status":"open","ping_status":"open","sticky":false,"template":"","format":"standard","meta":{"footnotes":"","_links_to":"","_links_to_target":""},"categories":[1],"tags":[],"class_list":["post-2979","post","type-post","status-publish","format-standard","hentry","category-haberler"],"_links":{"self":[{"href":"https:\/\/www.abchukuk.com\/index.php\/wp-json\/wp\/v2\/posts\/2979","targetHints":{"allow":["GET"]}}],"collection":[{"href":"https:\/\/www.abchukuk.com\/index.php\/wp-json\/wp\/v2\/posts"}],"about":[{"href":"https:\/\/www.abchukuk.com\/index.php\/wp-json\/wp\/v2\/types\/post"}],"author":[{"embeddable":true,"href":"https:\/\/www.abchukuk.com\/index.php\/wp-json\/wp\/v2\/users\/1"}],"replies":[{"embeddable":true,"href":"https:\/\/www.abchukuk.com\/index.php\/wp-json\/wp\/v2\/comments?post=2979"}],"version-history":[{"count":0,"href":"https:\/\/www.abchukuk.com\/index.php\/wp-json\/wp\/v2\/posts\/2979\/revisions"}],"wp:attachment":[{"href":"https:\/\/www.abchukuk.com\/index.php\/wp-json\/wp\/v2\/media?parent=2979"}],"wp:term":[{"taxonomy":"category","embeddable":true,"href":"https:\/\/www.abchukuk.com\/index.php\/wp-json\/wp\/v2\/categories?post=2979"},{"taxonomy":"post_tag","embeddable":true,"href":"https:\/\/www.abchukuk.com\/index.php\/wp-json\/wp\/v2\/tags?post=2979"}],"curies":[{"name":"wp","href":"https:\/\/api.w.org\/{rel}","templated":true}]}}