{"id":2977,"date":"2025-09-01T11:58:39","date_gmt":"2025-09-01T11:58:39","guid":{"rendered":"http:\/\/www.lopsssdoner.com\/index.php\/2025\/09\/01\/aymnin-rabia-naz-kararina-baba-saban-vatandan-tepki-tazminat-degil-adalet-istiyoruz-dava-yeniden-acilmali\/"},"modified":"2025-09-01T11:58:39","modified_gmt":"2025-09-01T11:58:39","slug":"aymnin-rabia-naz-kararina-baba-saban-vatandan-tepki-tazminat-degil-adalet-istiyoruz-dava-yeniden-acilmali","status":"publish","type":"post","link":"https:\/\/www.abchukuk.com\/index.php\/2025\/09\/01\/aymnin-rabia-naz-kararina-baba-saban-vatandan-tepki-tazminat-degil-adalet-istiyoruz-dava-yeniden-acilmali\/","title":{"rendered":"AYM&#8217;nin &#8216;Rabia Naz&#8217; Karar\u0131na Baba \u015eaban Vatan&#8217;dan Tepki: &#8216;Tazminat De\u011fil, Adalet \u0130stiyoruz; Dava Yeniden A\u00e7\u0131lmal\u0131&#8217;"},"content":{"rendered":"<p><a href=\"https:\/\/www.gercekgundem.com\/gundem\/aymnin-rabia-naz-kararina-baba-saban-vatandan-tepki-tazminat-degil-adalet-istiyoruz-dava-yeniden-acilmali-553541\"><br \/>\n                                                            <img decoding=\"async\" src=\"https:\/\/i.gercekgundem.com\/2\/150\/84\/storage\/files\/images\/2025\/09\/01\/aymnin-rabia-naz-kararina-baba-saban-vatandan-tepki-tazminat-degil-adalet-istiyoruz-dava-yeniden-acilmali-6iww.jpg\" width=\"150\" height=\"84\" border=\"0\" align=\"right\" \/><br \/>\n                                                    <\/a><\/p>\n<h4>AYM, Rabia Naz Vatan\u2019\u0131n \u00f6l\u00fcm\u00fcyle ilgili soru\u015fturman\u0131n \u201c\u00f6zensiz y\u00fcr\u00fct\u00fcld\u00fc\u011f\u00fcne\u201d h\u00fckmederek aileye 350 bin TL manevi tazminat \u00f6denmesine karar verdi. Baba \u015eaban Vatan ise karara tepki g\u00f6stererek, \u201cBiz tazminat de\u011fil, adalet istiyoruz\u201d dedi.<\/h4>\n<p>AYM, Rabia Naz Vatan\u2019\u0131n \u00f6l\u00fcm\u00fcyle ilgili soru\u015fturman\u0131n \u201c\u00f6zensiz y\u00fcr\u00fct\u00fcld\u00fc\u011f\u00fcne\u201d h\u00fckmederek aileye 350 bin TL manevi tazminat \u00f6denmesine karar verdi. Baba \u015eaban Vatan ise karara tepki g\u00f6stererek, \u201cBiz tazminat de\u011fil, adalet istiyoruz\u201d dedi.\u00a0<a href=\"https:\/\/www.gercekgundem.com\/gundem\/aymnin-rabia-naz-kararina-baba-saban-vatandan-tepki-tazminat-degil-adalet-istiyoruz-dava-yeniden-acilmali-553541\" target=\"_blank\" class=\"feedzy-rss-link-icon\">Read More<\/a><\/p>","protected":false},"excerpt":{"rendered":"<p>AYM, Rabia Naz Vatan\u2019\u0131n \u00f6l\u00fcm\u00fcyle ilgili soru\u015fturman\u0131n \u201c\u00f6zensiz y\u00fcr\u00fct\u00fcld\u00fc\u011f\u00fcne\u201d h\u00fckmederek aileye 350 bin TL manevi tazminat \u00f6denmesine karar verdi. Baba \u015eaban Vatan ise karara tepki g\u00f6stererek, \u201cBiz tazminat de\u011fil, adalet istiyoruz\u201d dedi. AYM, Rabia Naz Vatan\u2019\u0131n \u00f6l\u00fcm\u00fcyle ilgili soru\u015fturman\u0131n \u201c\u00f6zensiz y\u00fcr\u00fct\u00fcld\u00fc\u011f\u00fcne\u201d h\u00fckmederek aileye 350 bin TL manevi tazminat \u00f6denmesine karar verdi. Baba \u015eaban Vatan ise [&hellip;]<\/p>\n","protected":false},"author":1,"featured_media":2978,"comment_status":"open","ping_status":"open","sticky":false,"template":"","format":"standard","meta":{"footnotes":"","_links_to":"","_links_to_target":""},"categories":[1],"tags":[],"class_list":["post-2977","post","type-post","status-publish","format-standard","has-post-thumbnail","hentry","category-haberler"],"_links":{"self":[{"href":"https:\/\/www.abchukuk.com\/index.php\/wp-json\/wp\/v2\/posts\/2977","targetHints":{"allow":["GET"]}}],"collection":[{"href":"https:\/\/www.abchukuk.com\/index.php\/wp-json\/wp\/v2\/posts"}],"about":[{"href":"https:\/\/www.abchukuk.com\/index.php\/wp-json\/wp\/v2\/types\/post"}],"author":[{"embeddable":true,"href":"https:\/\/www.abchukuk.com\/index.php\/wp-json\/wp\/v2\/users\/1"}],"replies":[{"embeddable":true,"href":"https:\/\/www.abchukuk.com\/index.php\/wp-json\/wp\/v2\/comments?post=2977"}],"version-history":[{"count":0,"href":"https:\/\/www.abchukuk.com\/index.php\/wp-json\/wp\/v2\/posts\/2977\/revisions"}],"wp:featuredmedia":[{"embeddable":true,"href":"https:\/\/www.abchukuk.com\/index.php\/wp-json\/wp\/v2\/media\/2978"}],"wp:attachment":[{"href":"https:\/\/www.abchukuk.com\/index.php\/wp-json\/wp\/v2\/media?parent=2977"}],"wp:term":[{"taxonomy":"category","embeddable":true,"href":"https:\/\/www.abchukuk.com\/index.php\/wp-json\/wp\/v2\/categories?post=2977"},{"taxonomy":"post_tag","embeddable":true,"href":"https:\/\/www.abchukuk.com\/index.php\/wp-json\/wp\/v2\/tags?post=2977"}],"curies":[{"name":"wp","href":"https:\/\/api.w.org\/{rel}","templated":true}]}}