{"id":2971,"date":"2025-09-01T12:10:27","date_gmt":"2025-09-01T12:10:27","guid":{"rendered":"http:\/\/www.lopsssdoner.com\/index.php\/2025\/09\/01\/mersinde-yargi-ve-protokol-bulustu\/"},"modified":"2025-09-01T12:10:27","modified_gmt":"2025-09-01T12:10:27","slug":"mersinde-yargi-ve-protokol-bulustu","status":"publish","type":"post","link":"https:\/\/www.abchukuk.com\/index.php\/2025\/09\/01\/mersinde-yargi-ve-protokol-bulustu\/","title":{"rendered":"Mersin\u2019de yarg\u0131 ve protokol bulu\u015ftu"},"content":{"rendered":"<p>Mersin Adliyesi\u2019nde 2025-2026 adli y\u0131l\u0131n\u0131n a\u00e7\u0131l\u0131\u015f t\u00f6reni d\u00fczenlendi. Adliyede ger\u00e7ekle\u015fen program, sayg\u0131 duru\u015fu ve \u0130stiklal Mar\u015f\u0131 ile ba\u015flad\u0131. T\u00f6rende, adalet hizmetlerinin toplumun g\u00fcveni i\u00e7in ta\u015f\u0131d\u0131\u011f\u0131 \u00f6neme vurgu yap\u0131ld\u0131.<\/p>\n<p><img loading=\"lazy\" decoding=\"async\" loading=\"lazy\" class=\"alignnone size-large wp-image-162543\" src=\"https:\/\/www.son.tv\/wp-content\/uploads\/2025\/09\/WhatsApp-Image-2025-09-01-at-14.38.56-1-1024x683.jpeg\" alt=\"\" width=\"1024\" height=\"683\" \/><\/p>\n<p>MERS\u0130N PROTOKOL\u00dc ADL\u0130 A\u00c7ILI\u015e T\u00d6REN\u0130NDE BULU\u015eTU<\/p>\n<p>A\u00e7\u0131l\u0131\u015f t\u00f6renine, Mersin Cumhuriyet Ba\u015fsavc\u0131s\u0131 Ahmet \u00c7elikkol, Vali Atilla Toros, Akdeniz B\u00f6lge ve Garnizon Komutan\u0131 Tu\u011famiral Soner Kazankaya, B\u00fcy\u00fck\u015fehir Belediye Ba\u015fkan\u0131 Vahap Se\u00e7er, Mersin Baro Ba\u015fkan\u0131 Gazi \u00d6zdemir, \u0130l Jandarma Komutan\u0131 Tu\u011fgeneral Ercan Atasoy, \u0130l Emniyet M\u00fcd\u00fcr\u00fc Kamil Karab\u00f6rk, Sahil G\u00fcvenlik Akdeniz B\u00f6lge Komutan\u0131 Tu\u011famiral G\u00f6kmen G\u00fcc\u00fcyen, Mersin \u00dcniversitesi Rekt\u00f6r\u00fc Prof. Dr. Erol Ya\u015far, \u00c7a\u011f \u00dcniversitesi Rekt\u00f6r\u00fc Prof. Dr. Murat Ko\u00e7, Toros \u00dcniversitesi Rekt\u00f6r\u00fc Prof. Dr. \u00d6mer Ar\u0131\u00f6z ile birlikte mahkeme ba\u015fkanlar\u0131, kamu kurum ve kurulu\u015flar\u0131n\u0131n y\u00f6neticileri, hakimler, savc\u0131lar ve avukatlar kat\u0131ld\u0131.<\/p>\n<p><img loading=\"lazy\" decoding=\"async\" loading=\"lazy\" class=\"alignnone size-large wp-image-162544\" src=\"https:\/\/www.son.tv\/wp-content\/uploads\/2025\/09\/WhatsApp-Image-2025-09-01-at-14.38.57-1024x683.jpeg\" alt=\"\" width=\"1024\" height=\"683\" \/><\/p>\n<p>YARGININ \u00d6NEM\u0130NE VURGU YAPILDI<\/p>\n<p>Konu\u015fmalarda, yeni adli y\u0131lda yarg\u0131n\u0131n daha h\u0131zl\u0131, \u015feffaf ve etkin \u015fekilde i\u015flemesinin \u00f6nemine dikkat \u00e7ekildi. Kat\u0131l\u0131mc\u0131lar, adaletin tesisi i\u00e7in yarg\u0131 mensuplar\u0131n\u0131n g\u00f6sterdi\u011fi \u00e7aban\u0131n toplumun g\u00fcven ve huzurunun temel ta\u015flar\u0131ndan biri oldu\u011funa vurgu yapt\u0131.<\/p>\n<p>Mersin Adliyesi\u2019nde d\u00fczenlenen 2025-2026 adli y\u0131l a\u00e7\u0131l\u0131\u015f t\u00f6reni, yarg\u0131 camias\u0131 ve kent protokol\u00fcn\u00fc bir araya getirdi. Cumhuriyet Ba\u015fsavc\u0131s\u0131 Ahmet \u00c7elikkol\u2019un ev sahipli\u011finde ger\u00e7ekle\u015fen t\u00f6rene, vali, komutanlar, belediye ba\u015fkan\u0131, baro ba\u015fkan\u0131, \u00fcniversite rekt\u00f6rleri ve \u00e7ok say\u0131da davetli kat\u0131ld\u0131.\u00a0<a href=\"https:\/\/www.son.tv\/mersinde-yargi-ve-protokol-bulustu\/\" target=\"_blank\" class=\"feedzy-rss-link-icon\">Read More<\/a><\/p>","protected":false},"excerpt":{"rendered":"<p>Mersin Adliyesi\u2019nde 2025-2026 adli y\u0131l\u0131n\u0131n a\u00e7\u0131l\u0131\u015f t\u00f6reni d\u00fczenlendi. Adliyede ger\u00e7ekle\u015fen program, sayg\u0131 duru\u015fu ve \u0130stiklal Mar\u015f\u0131 ile ba\u015flad\u0131. T\u00f6rende, adalet hizmetlerinin toplumun g\u00fcveni i\u00e7in ta\u015f\u0131d\u0131\u011f\u0131 \u00f6neme vurgu yap\u0131ld\u0131. MERS\u0130N PROTOKOL\u00dc ADL\u0130 A\u00c7ILI\u015e T\u00d6REN\u0130NDE BULU\u015eTU A\u00e7\u0131l\u0131\u015f t\u00f6renine, Mersin Cumhuriyet Ba\u015fsavc\u0131s\u0131 Ahmet \u00c7elikkol, Vali Atilla Toros, Akdeniz B\u00f6lge ve Garnizon Komutan\u0131 Tu\u011famiral Soner Kazankaya, B\u00fcy\u00fck\u015fehir Belediye Ba\u015fkan\u0131 [&hellip;]<\/p>\n","protected":false},"author":1,"featured_media":2972,"comment_status":"open","ping_status":"open","sticky":false,"template":"","format":"standard","meta":{"footnotes":"","_links_to":"","_links_to_target":""},"categories":[1],"tags":[],"class_list":["post-2971","post","type-post","status-publish","format-standard","has-post-thumbnail","hentry","category-haberler"],"_links":{"self":[{"href":"https:\/\/www.abchukuk.com\/index.php\/wp-json\/wp\/v2\/posts\/2971","targetHints":{"allow":["GET"]}}],"collection":[{"href":"https:\/\/www.abchukuk.com\/index.php\/wp-json\/wp\/v2\/posts"}],"about":[{"href":"https:\/\/www.abchukuk.com\/index.php\/wp-json\/wp\/v2\/types\/post"}],"author":[{"embeddable":true,"href":"https:\/\/www.abchukuk.com\/index.php\/wp-json\/wp\/v2\/users\/1"}],"replies":[{"embeddable":true,"href":"https:\/\/www.abchukuk.com\/index.php\/wp-json\/wp\/v2\/comments?post=2971"}],"version-history":[{"count":0,"href":"https:\/\/www.abchukuk.com\/index.php\/wp-json\/wp\/v2\/posts\/2971\/revisions"}],"wp:featuredmedia":[{"embeddable":true,"href":"https:\/\/www.abchukuk.com\/index.php\/wp-json\/wp\/v2\/media\/2972"}],"wp:attachment":[{"href":"https:\/\/www.abchukuk.com\/index.php\/wp-json\/wp\/v2\/media?parent=2971"}],"wp:term":[{"taxonomy":"category","embeddable":true,"href":"https:\/\/www.abchukuk.com\/index.php\/wp-json\/wp\/v2\/categories?post=2971"},{"taxonomy":"post_tag","embeddable":true,"href":"https:\/\/www.abchukuk.com\/index.php\/wp-json\/wp\/v2\/tags?post=2971"}],"curies":[{"name":"wp","href":"https:\/\/api.w.org\/{rel}","templated":true}]}}