{"id":2960,"date":"2025-09-01T12:38:00","date_gmt":"2025-09-01T12:38:00","guid":{"rendered":"http:\/\/www.lopsssdoner.com\/index.php\/2025\/09\/01\/yerli-ve-milli-parti-genel-baskani-teoman-mutludan-hukuk-reformu-cagrisi-halkimiz-adalete-guvenini-kaybetti\/"},"modified":"2025-09-01T12:38:00","modified_gmt":"2025-09-01T12:38:00","slug":"yerli-ve-milli-parti-genel-baskani-teoman-mutludan-hukuk-reformu-cagrisi-halkimiz-adalete-guvenini-kaybetti","status":"publish","type":"post","link":"https:\/\/www.abchukuk.com\/index.php\/2025\/09\/01\/yerli-ve-milli-parti-genel-baskani-teoman-mutludan-hukuk-reformu-cagrisi-halkimiz-adalete-guvenini-kaybetti\/","title":{"rendered":"Yerli ve Milli Parti Genel Ba\u015fkan\u0131 Teoman Mutlu&#8217;dan &#8216;Hukuk reformu&#8217; \u00e7a\u011fr\u0131s\u0131: Halk\u0131m\u0131z adalete g\u00fcvenini kaybetti"},"content":{"rendered":"<p>T\u00fcrkiye&#8217;nin acil bir hukuk reformuna ihtiya\u00e7 duydu\u011funu belirten Yerli ve Milli Parti Genel Ba\u015fkan\u0131 Teoman Mutlu, &#8220;Devletin temeli adalettir. Ancak halk\u0131m\u0131z adalete g\u00fcvenini kaybetti&#8221; dedi.T\u00fcrkiye&#8217;nin acil bir hukuk reformuna ihtiya\u00e7 duydu\u011funu belirten Yerli ve Milli Parti Genel Ba\u015fkan\u0131 Teoman Mutlu, &#8220;Devletin temeli adalettir. Ancak halk\u0131m\u0131z adalete g\u00fcvenini kaybetti&#8221; dedi.\u00a0<a href=\"https:\/\/www.cumhuriyet.com.tr\/siyaset\/yerli-ve-milli-parti-genel-baskani-teoman-mutlu-dan-hukuk-reformu-cagrisi-halkimiz-adalete-guvenini-kaybetti-2431301\" target=\"_blank\" class=\"feedzy-rss-link-icon\">Read More<\/a><\/p>","protected":false},"excerpt":{"rendered":"<p>T\u00fcrkiye&#8217;nin acil bir hukuk reformuna ihtiya\u00e7 duydu\u011funu belirten Yerli ve Milli Parti Genel Ba\u015fkan\u0131 Teoman Mutlu, &#8220;Devletin temeli adalettir. Ancak halk\u0131m\u0131z adalete g\u00fcvenini kaybetti&#8221; dedi.T\u00fcrkiye&#8217;nin acil bir hukuk reformuna ihtiya\u00e7 duydu\u011funu belirten Yerli ve Milli Parti Genel Ba\u015fkan\u0131 Teoman Mutlu, &#8220;Devletin temeli adalettir. Ancak halk\u0131m\u0131z adalete g\u00fcvenini kaybetti&#8221; dedi.\u00a0Read More<\/p>\n","protected":false},"author":1,"featured_media":2961,"comment_status":"open","ping_status":"open","sticky":false,"template":"","format":"standard","meta":{"footnotes":"","_links_to":"","_links_to_target":""},"categories":[1],"tags":[],"class_list":["post-2960","post","type-post","status-publish","format-standard","has-post-thumbnail","hentry","category-haberler"],"_links":{"self":[{"href":"https:\/\/www.abchukuk.com\/index.php\/wp-json\/wp\/v2\/posts\/2960","targetHints":{"allow":["GET"]}}],"collection":[{"href":"https:\/\/www.abchukuk.com\/index.php\/wp-json\/wp\/v2\/posts"}],"about":[{"href":"https:\/\/www.abchukuk.com\/index.php\/wp-json\/wp\/v2\/types\/post"}],"author":[{"embeddable":true,"href":"https:\/\/www.abchukuk.com\/index.php\/wp-json\/wp\/v2\/users\/1"}],"replies":[{"embeddable":true,"href":"https:\/\/www.abchukuk.com\/index.php\/wp-json\/wp\/v2\/comments?post=2960"}],"version-history":[{"count":0,"href":"https:\/\/www.abchukuk.com\/index.php\/wp-json\/wp\/v2\/posts\/2960\/revisions"}],"wp:featuredmedia":[{"embeddable":true,"href":"https:\/\/www.abchukuk.com\/index.php\/wp-json\/wp\/v2\/media\/2961"}],"wp:attachment":[{"href":"https:\/\/www.abchukuk.com\/index.php\/wp-json\/wp\/v2\/media?parent=2960"}],"wp:term":[{"taxonomy":"category","embeddable":true,"href":"https:\/\/www.abchukuk.com\/index.php\/wp-json\/wp\/v2\/categories?post=2960"},{"taxonomy":"post_tag","embeddable":true,"href":"https:\/\/www.abchukuk.com\/index.php\/wp-json\/wp\/v2\/tags?post=2960"}],"curies":[{"name":"wp","href":"https:\/\/api.w.org\/{rel}","templated":true}]}}