{"id":2958,"date":"2025-09-01T12:43:17","date_gmt":"2025-09-01T12:43:17","guid":{"rendered":"http:\/\/www.lopsssdoner.com\/index.php\/2025\/09\/01\/cizre-adalet-sarayi-adli-yil-acilis-toreni\/"},"modified":"2025-09-01T12:43:17","modified_gmt":"2025-09-01T12:43:17","slug":"cizre-adalet-sarayi-adli-yil-acilis-toreni","status":"publish","type":"post","link":"https:\/\/www.abchukuk.com\/index.php\/2025\/09\/01\/cizre-adalet-sarayi-adli-yil-acilis-toreni\/","title":{"rendered":"Cizre adalet saray\u0131 adli y\u0131l a\u00e7\u0131l\u0131\u015f t\u00f6reni"},"content":{"rendered":"<p>Cizre Adalet Saray\u0131\u2019nda 2025-2026 adli y\u0131l a\u00e7\u0131l\u0131\u015f t\u00f6reni d\u00fczenlendi. T\u00f6rene, Cizre Cumhuriyet Ba\u015fsavc\u0131s\u0131 Muammer \u00c7oban ve Cizre Adli Yarg\u0131 \u0130lk Derece Mahkemesi Adalet Komisyonu Ba\u015fkan\u0131 \u00c7a\u011fr\u0131 \u0130ncekara ev sahipli\u011fi yapt\u0131.<\/p>\n<p><img loading=\"lazy\" decoding=\"async\" loading=\"lazy\" class=\"alignnone size-large wp-image-162551\" src=\"https:\/\/www.son.tv\/wp-content\/uploads\/2025\/09\/WhatsApp-Image-2025-09-01-at-15.32.22-4-1024x682.jpeg\" alt=\"\" width=\"1024\" height=\"682\" \/><\/p>\n<p>GEN\u0130\u015e KATILIMLA D\u00dcZENLEND\u0130<\/p>\n<p>T\u00f6rene; Cizre Kaymakam\u0131 Ahmet Vezir Baycar, \u0130dil Kaymakam\u0131 An\u0131l Ad\u0131g\u00fczel, Silopi Kaymakam\u0131 \u00c7a\u011flar Partal, Silopi Cumhuriyet Ba\u015fsavc\u0131s\u0131 Yunus Karaca, il\u00e7e protokol\u00fc, hakimler, savc\u0131lar, avukatlar, kurum y\u00f6neticileri ve adliye personeli kat\u0131ld\u0131.<\/p>\n<p><img loading=\"lazy\" decoding=\"async\" loading=\"lazy\" class=\"alignnone size-large wp-image-162552\" src=\"https:\/\/www.son.tv\/wp-content\/uploads\/2025\/09\/WhatsApp-Image-2025-09-01-at-15.32.22-3-682x1024.jpeg\" alt=\"\" width=\"682\" height=\"1024\" \/><\/p>\n<p>T\u00d6REN SAYGI DURU\u015eUYLA BA\u015eLADI<\/p>\n<p>Cizre Adalet Saray\u0131 bah\u00e7esinde ger\u00e7ekle\u015ftirilen t\u00f6rende, Ulu \u00d6nder Mustafa Kemal Atat\u00fcrk, yarg\u0131 \u015fehitleri ve t\u00fcm \u015fehitler an\u0131s\u0131na sayg\u0131 duru\u015funda bulunuldu. Ard\u0131ndan \u0130stiklal Mar\u015f\u0131 okundu. Program, adliye binas\u0131nda d\u00fczenlenen kokteyl ile sona erdi.<\/p>\n<p><img loading=\"lazy\" decoding=\"async\" loading=\"lazy\" class=\"alignnone size-large wp-image-162553\" src=\"https:\/\/www.son.tv\/wp-content\/uploads\/2025\/09\/WhatsApp-Image-2025-09-01-at-15.32.22-2-1024x682.jpeg\" alt=\"\" width=\"1024\" height=\"682\" \/><\/p>\n<p>YEN\u0130 ADL\u0130 YIL MESAJLARI<\/p>\n<p>Cizre Cumhuriyet Ba\u015fsavc\u0131s\u0131 Muammer \u00c7oban ve Adalet Komisyonu Ba\u015fkan\u0131 \u00c7a\u011fr\u0131 \u0130ncekara, yeni adli y\u0131l\u0131n hay\u0131rl\u0131 olmas\u0131n\u0131 dileyerek programa kat\u0131lan meslekta\u015flar\u0131n\u0131n, avukatlar\u0131n ve adliye personelinin yeni adli y\u0131l\u0131n\u0131 kutlad\u0131. T\u00f6renin ard\u0131ndan \u00c7oban ve \u0130ncekara, makamlar\u0131nda tebrikleri kabul etti.<\/p>\n<p><img loading=\"lazy\" decoding=\"async\" loading=\"lazy\" class=\"alignnone size-large wp-image-162554\" src=\"https:\/\/www.son.tv\/wp-content\/uploads\/2025\/09\/WhatsApp-Image-2025-09-01-at-15.32.22-1-1024x682.jpeg\" alt=\"\" width=\"1024\" height=\"682\" \/> <img loading=\"lazy\" decoding=\"async\" loading=\"lazy\" class=\"alignnone size-large wp-image-162555\" src=\"https:\/\/www.son.tv\/wp-content\/uploads\/2025\/09\/WhatsApp-Image-2025-09-01-at-15.32.22-1024x682.jpeg\" alt=\"\" width=\"1024\" height=\"682\" \/> <img loading=\"lazy\" decoding=\"async\" loading=\"lazy\" class=\"alignnone size-large wp-image-162556\" src=\"https:\/\/www.son.tv\/wp-content\/uploads\/2025\/09\/WhatsApp-Image-2025-09-01-at-15.32.21-1-1024x682.jpeg\" alt=\"\" width=\"1024\" height=\"682\" \/> <img loading=\"lazy\" decoding=\"async\" loading=\"lazy\" class=\"alignnone size-large wp-image-162557\" src=\"https:\/\/www.son.tv\/wp-content\/uploads\/2025\/09\/WhatsApp-Image-2025-09-01-at-15.32.21-2-1024x768.jpeg\" alt=\"\" width=\"1024\" height=\"768\" \/> <img loading=\"lazy\" decoding=\"async\" loading=\"lazy\" class=\"alignnone size-large wp-image-162558\" src=\"https:\/\/www.son.tv\/wp-content\/uploads\/2025\/09\/WhatsApp-Image-2025-09-01-at-15.30.08-1-1024x768.jpeg\" alt=\"\" width=\"1024\" height=\"768\" \/><\/p>\n<p>Cizre Adalet Saray\u0131\u2019nda 2025-2026 adli y\u0131l a\u00e7\u0131l\u0131\u015f t\u00f6reni, yarg\u0131 mensuplar\u0131, il\u00e7e protokol\u00fc, avukatlar ve adliye personelinin yo\u011fun kat\u0131l\u0131m\u0131yla ger\u00e7ekle\u015ftirildi.\u00a0<a href=\"https:\/\/www.son.tv\/cizre-adalet-sarayi-adli-yil-acilis-toreni\/\" target=\"_blank\" class=\"feedzy-rss-link-icon\">Read More<\/a><\/p>","protected":false},"excerpt":{"rendered":"<p>Cizre Adalet Saray\u0131\u2019nda 2025-2026 adli y\u0131l a\u00e7\u0131l\u0131\u015f t\u00f6reni d\u00fczenlendi. T\u00f6rene, Cizre Cumhuriyet Ba\u015fsavc\u0131s\u0131 Muammer \u00c7oban ve Cizre Adli Yarg\u0131 \u0130lk Derece Mahkemesi Adalet Komisyonu Ba\u015fkan\u0131 \u00c7a\u011fr\u0131 \u0130ncekara ev sahipli\u011fi yapt\u0131. GEN\u0130\u015e KATILIMLA D\u00dcZENLEND\u0130 T\u00f6rene; Cizre Kaymakam\u0131 Ahmet Vezir Baycar, \u0130dil Kaymakam\u0131 An\u0131l Ad\u0131g\u00fczel, Silopi Kaymakam\u0131 \u00c7a\u011flar Partal, Silopi Cumhuriyet Ba\u015fsavc\u0131s\u0131 Yunus Karaca, il\u00e7e protokol\u00fc, hakimler, [&hellip;]<\/p>\n","protected":false},"author":1,"featured_media":2959,"comment_status":"open","ping_status":"open","sticky":false,"template":"","format":"standard","meta":{"footnotes":"","_links_to":"","_links_to_target":""},"categories":[1],"tags":[],"class_list":["post-2958","post","type-post","status-publish","format-standard","has-post-thumbnail","hentry","category-haberler"],"_links":{"self":[{"href":"https:\/\/www.abchukuk.com\/index.php\/wp-json\/wp\/v2\/posts\/2958","targetHints":{"allow":["GET"]}}],"collection":[{"href":"https:\/\/www.abchukuk.com\/index.php\/wp-json\/wp\/v2\/posts"}],"about":[{"href":"https:\/\/www.abchukuk.com\/index.php\/wp-json\/wp\/v2\/types\/post"}],"author":[{"embeddable":true,"href":"https:\/\/www.abchukuk.com\/index.php\/wp-json\/wp\/v2\/users\/1"}],"replies":[{"embeddable":true,"href":"https:\/\/www.abchukuk.com\/index.php\/wp-json\/wp\/v2\/comments?post=2958"}],"version-history":[{"count":0,"href":"https:\/\/www.abchukuk.com\/index.php\/wp-json\/wp\/v2\/posts\/2958\/revisions"}],"wp:featuredmedia":[{"embeddable":true,"href":"https:\/\/www.abchukuk.com\/index.php\/wp-json\/wp\/v2\/media\/2959"}],"wp:attachment":[{"href":"https:\/\/www.abchukuk.com\/index.php\/wp-json\/wp\/v2\/media?parent=2958"}],"wp:term":[{"taxonomy":"category","embeddable":true,"href":"https:\/\/www.abchukuk.com\/index.php\/wp-json\/wp\/v2\/categories?post=2958"},{"taxonomy":"post_tag","embeddable":true,"href":"https:\/\/www.abchukuk.com\/index.php\/wp-json\/wp\/v2\/tags?post=2958"}],"curies":[{"name":"wp","href":"https:\/\/api.w.org\/{rel}","templated":true}]}}