{"id":2954,"date":"2025-09-01T13:21:18","date_gmt":"2025-09-01T13:21:18","guid":{"rendered":"http:\/\/www.lopsssdoner.com\/index.php\/2025\/09\/01\/bakirkoy-adliyesinde-adli-yil-acilis-toreni-duzenlendi\/"},"modified":"2025-09-01T13:21:18","modified_gmt":"2025-09-01T13:21:18","slug":"bakirkoy-adliyesinde-adli-yil-acilis-toreni-duzenlendi","status":"publish","type":"post","link":"https:\/\/www.abchukuk.com\/index.php\/2025\/09\/01\/bakirkoy-adliyesinde-adli-yil-acilis-toreni-duzenlendi\/","title":{"rendered":"Bak\u0131rk\u00f6y Adliyesi\u2019nde adli y\u0131l a\u00e7\u0131l\u0131\u015f t\u00f6reni d\u00fczenlendi"},"content":{"rendered":"<p>Bak\u0131rk\u00f6y Adliyesi\u2019nde 2025-2026 adli y\u0131l\u0131 a\u00e7\u0131l\u0131\u015f t\u00f6reni d\u00fczenlendi. Adliyenin Atrium alan\u0131nda d\u00fczenlenen t\u00f6rene, Bak\u0131rk\u00f6y Cumhuriyet Ba\u015fsavc\u0131s\u0131 H\u00fcseyin G\u00fcm\u00fc\u015f, Bak\u0131rk\u00f6y Adliyesi Adalet Komisyonu Ba\u015fkan\u0131 Arif T\u0131r\u0131l, Bak\u0131rk\u00f6y Adalet Komisyonu \u00dcyesi Sadullah G\u00fcler, B\u00fcy\u00fck\u00e7ekmece Ba\u015fsavc\u0131s\u0131 Mehmet Ayd\u0131n, Bak\u0131rk\u00f6y Kaymakam\u0131 Recai Karal, Bak\u0131rk\u00f6y \u0130l\u00e7e Emniyet M\u00fcd\u00fcr\u00fc H\u00fcseyin O\u011fuz Naml\u0131, Bah\u00e7elievler Belediye Ba\u015fkan\u0131 Dr. Hakan Bahad\u0131r, \u015eehit Cumhuriyet Savc\u0131s\u0131 Mehmet Selim Kiraz\u2019\u0131n babas\u0131 Hakk\u0131 Kiraz ile ba\u015fsavc\u0131vekilleri \u00e7ok say\u0131da hakim, savc\u0131 ve adliye personeli kat\u0131ld\u0131.<\/p>\n<p><img fetchpriority=\"high\" decoding=\"async\" class=\"alignnone size-large wp-image-162568\" src=\"https:\/\/www.son.tv\/wp-content\/uploads\/2025\/09\/WhatsApp-Image-2025-09-01-at-16.10.46-1024x768.jpeg\" alt=\"\" width=\"1024\" height=\"768\" \/><\/p>\n<p>\u201cSORUNLARI \u00c7\u00d6ZME M\u00dcCADELES\u0130 VERECE\u011e\u0130Z\u201d<\/p>\n<p>T\u00f6rende, Bak\u0131rk\u00f6y Adliyesi Adalet Komisyonu Ba\u015fkan\u0131 Arif T\u0131r\u0131l konu\u015fma yapt\u0131. T\u0131r\u0131l, konu\u015fmas\u0131nda \u015fu ifadelere yer verdi: \u201c2025-2026 Adli Y\u0131l A\u00e7\u0131l\u0131\u015f T\u00f6reni\u2019ne ho\u015fgeldiniz. Toplam 246 mahkeme birimi, 361 hakimimiz ve farkl\u0131 g\u00f6rev ve unvanlardaki bin 393 yarg\u0131 \u00e7al\u0131\u015fanlar\u0131m\u0131zla hizmet vermekteyiz. Biz hakim ve savc\u0131lar, yapt\u0131\u011f\u0131m\u0131z i\u015fle \u00f6v\u00fcnmeyiz de, elimizde kalan i\u015fle \u00f6v\u00fcn\u00fcr\u00fcz. \u00d6ncelikle yeni adli y\u0131l itibariyle, elimizde kalan derdest say\u0131lar\u0131yla ilgili bilgi payla\u015fmak istiyorum. Toplam A\u011f\u0131r Ceza Mahkemelerinde 20 bin 087, Asliye Ceza Mahkemelerinde, 37 bin 298, Ticaret Mahkemelerimizde 8 bin 93, \u0130cra Mahkemelerimizde 5 bin 73, Fikri Sinai Haklar Ceza Mahkemelerimizde bin 110, 6 infaz hakimli\u011fimizde toplamda 223, 19 tane asliye hukuk mahkememizde 10 bin 17, 21 sulh hukuk mahkememizde 13 bin 239, aile mahkemelerimizde 7 bin 701, SGK dahil i\u015f mahkemelerimizde, 34 bin 667, t\u00fcketici mahkemelerimizde 6 bin 76, f\u0131kri s\u0131nai haklar hukuk mahkememizde toplamda 2 mahkememizde, 895 mevcut derdestimiz bulunmaktad\u0131r. N\u00fcfus yo\u011funlu\u011funa ba\u011fl\u0131 olarak, yo\u011fun ihtilaf ve su\u00e7 oran\u0131yla m\u00fccadele ediyoruz. Birlikte sorunlar\u0131 \u00e7\u00f6zme m\u00fccadelesi verece\u011fiz. Mahkemelerimiz ve di\u011fer birimlerimiz aras\u0131ndaki i\u015f birli\u011fini, koordinasyonunu g\u00fc\u00e7l\u00fc bir \u015fekilde sa\u011flayaca\u011f\u0131z. Yarg\u0131laman\u0131n \u00f6n\u00fcndeki engelleri kald\u0131rmak i\u00e7in elimizden geleni yapaca\u011f\u0131z. Bu d\u00fc\u015f\u00fcncelerle yeni adli y\u0131l\u0131n aziz milletimize ve sizlere hay\u0131rl\u0131 u\u011furlu olmas\u0131n\u0131 diliyorum\u201d<\/p>\n<p><img loading=\"lazy\" decoding=\"async\" loading=\"lazy\" class=\"alignnone size-large wp-image-162567\" src=\"https:\/\/www.son.tv\/wp-content\/uploads\/2025\/09\/WhatsApp-Image-2025-09-01-at-16.10.45-1024x768.jpeg\" alt=\"\" width=\"1024\" height=\"768\" \/><\/p>\n<p>Konu\u015fman\u0131n ard\u0131ndan t\u00f6ren foto\u011fraf \u00e7ekimleri ile sona erdi.<\/p>\n<p><img loading=\"lazy\" decoding=\"async\" loading=\"lazy\" class=\"alignnone size-large wp-image-162569\" src=\"https:\/\/www.son.tv\/wp-content\/uploads\/2025\/09\/WhatsApp-Image-2025-09-01-at-16.10.46-2-1024x768.jpeg\" alt=\"\" width=\"1024\" height=\"768\" \/><\/p>\n<p>Bak\u0131rk\u00f6y Adliyesi\u2019nde 2025-2026 adli y\u0131l\u0131 a\u00e7\u0131l\u0131\u015f t\u00f6reni d\u00fczenlendi. T\u00f6rende konu\u015fan Bak\u0131rk\u00f6y Adliyesi Adalet Komisyonu Ba\u015fkan\u0131 Arif T\u0131r\u0131l, \u201cN\u00fcfus yo\u011funlu\u011funa ba\u011fl\u0131 olarak, yo\u011fun ihtilaf ve su\u00e7 oran\u0131yla m\u00fccadele ediyoruz. Birlikte sorunlar\u0131 \u00e7\u00f6zme m\u00fccadelesi verece\u011fiz. Mahkemelerimiz ve di\u011fer birimlerimiz aras\u0131ndaki i\u015f birli\u011fini, koordinasyonunu g\u00fc\u00e7l\u00fc bir \u015fekilde sa\u011flayaca\u011f\u0131z. Yarg\u0131laman\u0131n \u00f6n\u00fcndeki engelleri kald\u0131rmak i\u00e7in elimizden geleni yapaca\u011f\u0131z\u201d dedi.\u00a0<a href=\"https:\/\/www.son.tv\/bakirkoy-adliyesinde-adli-yil-acilis-toreni-duzenlendi\/\" target=\"_blank\" class=\"feedzy-rss-link-icon\">Read More<\/a><\/p>","protected":false},"excerpt":{"rendered":"<p>Bak\u0131rk\u00f6y Adliyesi\u2019nde 2025-2026 adli y\u0131l\u0131 a\u00e7\u0131l\u0131\u015f t\u00f6reni d\u00fczenlendi. Adliyenin Atrium alan\u0131nda d\u00fczenlenen t\u00f6rene, Bak\u0131rk\u00f6y Cumhuriyet Ba\u015fsavc\u0131s\u0131 H\u00fcseyin G\u00fcm\u00fc\u015f, Bak\u0131rk\u00f6y Adliyesi Adalet Komisyonu Ba\u015fkan\u0131 Arif T\u0131r\u0131l, Bak\u0131rk\u00f6y Adalet Komisyonu \u00dcyesi Sadullah G\u00fcler, B\u00fcy\u00fck\u00e7ekmece Ba\u015fsavc\u0131s\u0131 Mehmet Ayd\u0131n, Bak\u0131rk\u00f6y Kaymakam\u0131 Recai Karal, Bak\u0131rk\u00f6y \u0130l\u00e7e Emniyet M\u00fcd\u00fcr\u00fc H\u00fcseyin O\u011fuz Naml\u0131, Bah\u00e7elievler Belediye Ba\u015fkan\u0131 Dr. Hakan Bahad\u0131r, \u015eehit Cumhuriyet Savc\u0131s\u0131 [&hellip;]<\/p>\n","protected":false},"author":1,"featured_media":2955,"comment_status":"open","ping_status":"open","sticky":false,"template":"","format":"standard","meta":{"footnotes":"","_links_to":"","_links_to_target":""},"categories":[1],"tags":[],"class_list":["post-2954","post","type-post","status-publish","format-standard","has-post-thumbnail","hentry","category-haberler"],"_links":{"self":[{"href":"https:\/\/www.abchukuk.com\/index.php\/wp-json\/wp\/v2\/posts\/2954","targetHints":{"allow":["GET"]}}],"collection":[{"href":"https:\/\/www.abchukuk.com\/index.php\/wp-json\/wp\/v2\/posts"}],"about":[{"href":"https:\/\/www.abchukuk.com\/index.php\/wp-json\/wp\/v2\/types\/post"}],"author":[{"embeddable":true,"href":"https:\/\/www.abchukuk.com\/index.php\/wp-json\/wp\/v2\/users\/1"}],"replies":[{"embeddable":true,"href":"https:\/\/www.abchukuk.com\/index.php\/wp-json\/wp\/v2\/comments?post=2954"}],"version-history":[{"count":0,"href":"https:\/\/www.abchukuk.com\/index.php\/wp-json\/wp\/v2\/posts\/2954\/revisions"}],"wp:featuredmedia":[{"embeddable":true,"href":"https:\/\/www.abchukuk.com\/index.php\/wp-json\/wp\/v2\/media\/2955"}],"wp:attachment":[{"href":"https:\/\/www.abchukuk.com\/index.php\/wp-json\/wp\/v2\/media?parent=2954"}],"wp:term":[{"taxonomy":"category","embeddable":true,"href":"https:\/\/www.abchukuk.com\/index.php\/wp-json\/wp\/v2\/categories?post=2954"},{"taxonomy":"post_tag","embeddable":true,"href":"https:\/\/www.abchukuk.com\/index.php\/wp-json\/wp\/v2\/tags?post=2954"}],"curies":[{"name":"wp","href":"https:\/\/api.w.org\/{rel}","templated":true}]}}