{"id":2945,"date":"2025-09-01T09:24:00","date_gmt":"2025-09-01T09:24:00","guid":{"rendered":"http:\/\/www.lopsssdoner.com\/index.php\/2025\/09\/01\/istanbulda-adli-yil-acilisi-hukukun-ustunlugune-dayali-bir-duzenin-tesisi-en-onemli-sart\/"},"modified":"2025-09-01T09:24:00","modified_gmt":"2025-09-01T09:24:00","slug":"istanbulda-adli-yil-acilisi-hukukun-ustunlugune-dayali-bir-duzenin-tesisi-en-onemli-sart","status":"publish","type":"post","link":"https:\/\/www.abchukuk.com\/index.php\/2025\/09\/01\/istanbulda-adli-yil-acilisi-hukukun-ustunlugune-dayali-bir-duzenin-tesisi-en-onemli-sart\/","title":{"rendered":"\u0130stanbul&#8217;da adli y\u0131l a\u00e7\u0131l\u0131\u015f\u0131: Hukukun \u00fcst\u00fcnl\u00fc\u011f\u00fcne dayal\u0131 bir d\u00fczenin tesisi en \u00f6nemli \u015fart"},"content":{"rendered":"<p>2025-2026 adli y\u0131l a\u00e7\u0131l\u0131\u015f t\u00f6reni \u0130stanbul&#8217;da bu y\u0131l Anadolu Adliyesi\u2019nde d\u00fczenlendi. T\u00f6rende konu\u015fan \u0130stanbul Anadolu Cumhuriyet Ba\u015fsavc\u0131s\u0131 Zafer Ko\u00e7, \u201cYeni adli y\u0131lda \u00f6ncelikli hedeflerimiz; davalar\u0131n ve soru\u015fturmalar\u0131n makul s\u00fcrede sonu\u00e7land\u0131r\u0131lmas\u0131, yarg\u0131 hizmetlerinde \u015feffafl\u0131\u011f\u0131n art\u0131r\u0131lmas\u0131, ma\u011fdur haklar\u0131n\u0131n daha etkin korunmas\u0131 ve adalet hizmetlerinin t\u00fcm vatanda\u015flar\u0131m\u0131z i\u00e7in eri\u015filebilir hale gelmesidir. Bu ama\u00e7 do\u011frultusunda, t\u00fcm meslekta\u015flar\u0131m\u0131zla birlikte ayn\u0131 inan\u00e7 ve kararl\u0131l\u0131kla \u00e7al\u0131\u015fmaya devam edece\u011fiz.\u201c dedi. Hakimler ve Savc\u0131lar Kurulu (HSK) \u00fcyesi Ali\u015fan Tiryaki de &#8220;Milletimizin tarihinde var olan \u00e7\u00f6z\u00fcm s\u00fcre\u00e7lerinin daha fazla ara\u015ft\u0131r\u0131lmas\u0131, tarihin bu a\u00e7\u0131dan derinlemesine incelenmesi ve elde edilen birikimin adalet sistemimize entegre edilmesi de y\u00fck\u00fcm\u00fcz\u00fc hafifletecek, s\u0131k\u0131nt\u0131lar\u0131m\u0131z\u0131 azaltacakt\u0131r.&#8221; ifadelerini kulland\u0131.2025-2026 adli y\u0131l a\u00e7\u0131l\u0131\u015f t\u00f6reni \u0130stanbul&#8217;da bu y\u0131l Anadolu Adliyesi\u2019nde d\u00fczenlendi. T\u00f6rende konu\u015fan \u0130stanbul Anadolu Cumhuriyet Ba\u015fsavc\u0131s\u0131 Zafer Ko\u00e7, \u201cYeni adli y\u0131lda \u00f6ncelikli hedeflerimiz; davalar\u0131n ve soru\u015fturmalar\u0131n makul s\u00fcrede sonu\u00e7land\u0131r\u0131lmas\u0131, yarg\u0131 hizmetlerinde \u015feffafl\u0131\u011f\u0131n art\u0131r\u0131lmas\u0131, ma\u011fdur haklar\u0131n\u0131n daha etkin korunmas\u0131 ve adalet hizmetlerinin t\u00fcm vatanda\u015flar\u0131m\u0131z i\u00e7in eri\u015filebilir hale gelmesidir. Bu ama\u00e7 do\u011frultusunda, t\u00fcm meslekta\u015flar\u0131m\u0131zla birlikte ayn\u0131 inan\u00e7 ve kararl\u0131l\u0131kla \u00e7al\u0131\u015fmaya devam edece\u011fiz.\u201c dedi. Hakimler ve Savc\u0131lar Kurulu (HSK) \u00fcyesi Ali\u015fan Tiryaki de &#8220;Milletimizin tarihinde var olan \u00e7\u00f6z\u00fcm s\u00fcre\u00e7lerinin daha fazla ara\u015ft\u0131r\u0131lmas\u0131, tarihin bu a\u00e7\u0131dan derinlemesine incelenmesi ve elde edilen birikimin adalet sistemimize entegre edilmesi de y\u00fck\u00fcm\u00fcz\u00fc hafifletecek, s\u0131k\u0131nt\u0131lar\u0131m\u0131z\u0131 azaltacakt\u0131r.&#8221; ifadelerini kulland\u0131.\u00a0<a href=\"https:\/\/www.cumhuriyet.com.tr\/turkiye\/istanbul-da-adli-yil-acilisi-hukukun-ustunlugune-dayali-bir-duzenin-tesisi-en-onemli-sart-2431227\" target=\"_blank\" class=\"feedzy-rss-link-icon\">Read More<\/a><\/p>","protected":false},"excerpt":{"rendered":"<p>2025-2026 adli y\u0131l a\u00e7\u0131l\u0131\u015f t\u00f6reni \u0130stanbul&#8217;da bu y\u0131l Anadolu Adliyesi\u2019nde d\u00fczenlendi. T\u00f6rende konu\u015fan \u0130stanbul Anadolu Cumhuriyet Ba\u015fsavc\u0131s\u0131 Zafer Ko\u00e7, \u201cYeni adli y\u0131lda \u00f6ncelikli hedeflerimiz; davalar\u0131n ve soru\u015fturmalar\u0131n makul s\u00fcrede sonu\u00e7land\u0131r\u0131lmas\u0131, yarg\u0131 hizmetlerinde \u015feffafl\u0131\u011f\u0131n art\u0131r\u0131lmas\u0131, ma\u011fdur haklar\u0131n\u0131n daha etkin korunmas\u0131 ve adalet hizmetlerinin t\u00fcm vatanda\u015flar\u0131m\u0131z i\u00e7in eri\u015filebilir hale gelmesidir. Bu ama\u00e7 do\u011frultusunda, t\u00fcm meslekta\u015flar\u0131m\u0131zla birlikte ayn\u0131 [&hellip;]<\/p>\n","protected":false},"author":1,"featured_media":2946,"comment_status":"open","ping_status":"open","sticky":false,"template":"","format":"standard","meta":{"footnotes":"","_links_to":"","_links_to_target":""},"categories":[1],"tags":[],"class_list":["post-2945","post","type-post","status-publish","format-standard","has-post-thumbnail","hentry","category-haberler"],"_links":{"self":[{"href":"https:\/\/www.abchukuk.com\/index.php\/wp-json\/wp\/v2\/posts\/2945","targetHints":{"allow":["GET"]}}],"collection":[{"href":"https:\/\/www.abchukuk.com\/index.php\/wp-json\/wp\/v2\/posts"}],"about":[{"href":"https:\/\/www.abchukuk.com\/index.php\/wp-json\/wp\/v2\/types\/post"}],"author":[{"embeddable":true,"href":"https:\/\/www.abchukuk.com\/index.php\/wp-json\/wp\/v2\/users\/1"}],"replies":[{"embeddable":true,"href":"https:\/\/www.abchukuk.com\/index.php\/wp-json\/wp\/v2\/comments?post=2945"}],"version-history":[{"count":0,"href":"https:\/\/www.abchukuk.com\/index.php\/wp-json\/wp\/v2\/posts\/2945\/revisions"}],"wp:featuredmedia":[{"embeddable":true,"href":"https:\/\/www.abchukuk.com\/index.php\/wp-json\/wp\/v2\/media\/2946"}],"wp:attachment":[{"href":"https:\/\/www.abchukuk.com\/index.php\/wp-json\/wp\/v2\/media?parent=2945"}],"wp:term":[{"taxonomy":"category","embeddable":true,"href":"https:\/\/www.abchukuk.com\/index.php\/wp-json\/wp\/v2\/categories?post=2945"},{"taxonomy":"post_tag","embeddable":true,"href":"https:\/\/www.abchukuk.com\/index.php\/wp-json\/wp\/v2\/tags?post=2945"}],"curies":[{"name":"wp","href":"https:\/\/api.w.org\/{rel}","templated":true}]}}