{"id":2943,"date":"2025-09-01T09:31:00","date_gmt":"2025-09-01T09:31:00","guid":{"rendered":"http:\/\/www.lopsssdoner.com\/index.php\/2025\/09\/01\/kralice-camilla-gencken-cinsel-saldiri-girisimine-ugramis\/"},"modified":"2025-09-01T09:31:00","modified_gmt":"2025-09-01T09:31:00","slug":"kralice-camilla-gencken-cinsel-saldiri-girisimine-ugramis","status":"publish","type":"post","link":"https:\/\/www.abchukuk.com\/index.php\/2025\/09\/01\/kralice-camilla-gencken-cinsel-saldiri-girisimine-ugramis\/","title":{"rendered":"Krali\u00e7e Camilla gen\u00e7ken cinsel sald\u0131r\u0131 giri\u015fimine u\u011fram\u0131\u015f"},"content":{"rendered":"<p>Krali\u00e7e Camilla\u2019n\u0131n gen\u00e7li\u011finde bir tren yolculu\u011funda cinsel sald\u0131r\u0131 giri\u015fimine u\u011frad\u0131\u011f\u0131, yeni yay\u0131mlanan bir kitapla ortaya \u00e7\u0131kt\u0131. Camilla\u2019n\u0131n sald\u0131rgandan annesinin \u00f6\u011f\u00fcd\u00fcn\u00fc hat\u0131rlayarak ayakkab\u0131s\u0131yla kurtuldu\u011fu, olay\u0131 y\u0131llar sonra Boris Johnson\u2019a anlatt\u0131\u011f\u0131 belirtildi.Krali\u00e7e Camilla\u2019n\u0131n gen\u00e7li\u011finde bir tren yolculu\u011funda cinsel sald\u0131r\u0131 giri\u015fimine u\u011frad\u0131\u011f\u0131, yeni yay\u0131mlanan bir kitapla ortaya \u00e7\u0131kt\u0131. Camilla\u2019n\u0131n sald\u0131rgandan annesinin \u00f6\u011f\u00fcd\u00fcn\u00fc hat\u0131rlayarak ayakkab\u0131s\u0131yla kurtuldu\u011fu, olay\u0131 y\u0131llar sonra Boris Johnson\u2019a anlatt\u0131\u011f\u0131 belirtildi.\u00a0<a href=\"https:\/\/www.cumhuriyet.com.tr\/dunya\/kralice-camilla-gencken-cinsel-saldiri-girisimine-ugramis-2431233\" target=\"_blank\" class=\"feedzy-rss-link-icon\">Read More<\/a><\/p>","protected":false},"excerpt":{"rendered":"<p>Krali\u00e7e Camilla\u2019n\u0131n gen\u00e7li\u011finde bir tren yolculu\u011funda cinsel sald\u0131r\u0131 giri\u015fimine u\u011frad\u0131\u011f\u0131, yeni yay\u0131mlanan bir kitapla ortaya \u00e7\u0131kt\u0131. Camilla\u2019n\u0131n sald\u0131rgandan annesinin \u00f6\u011f\u00fcd\u00fcn\u00fc hat\u0131rlayarak ayakkab\u0131s\u0131yla kurtuldu\u011fu, olay\u0131 y\u0131llar sonra Boris Johnson\u2019a anlatt\u0131\u011f\u0131 belirtildi.Krali\u00e7e Camilla\u2019n\u0131n gen\u00e7li\u011finde bir tren yolculu\u011funda cinsel sald\u0131r\u0131 giri\u015fimine u\u011frad\u0131\u011f\u0131, yeni yay\u0131mlanan bir kitapla ortaya \u00e7\u0131kt\u0131. Camilla\u2019n\u0131n sald\u0131rgandan annesinin \u00f6\u011f\u00fcd\u00fcn\u00fc hat\u0131rlayarak ayakkab\u0131s\u0131yla kurtuldu\u011fu, olay\u0131 y\u0131llar sonra [&hellip;]<\/p>\n","protected":false},"author":1,"featured_media":2944,"comment_status":"open","ping_status":"open","sticky":false,"template":"","format":"standard","meta":{"footnotes":"","_links_to":"","_links_to_target":""},"categories":[1],"tags":[],"class_list":["post-2943","post","type-post","status-publish","format-standard","has-post-thumbnail","hentry","category-haberler"],"_links":{"self":[{"href":"https:\/\/www.abchukuk.com\/index.php\/wp-json\/wp\/v2\/posts\/2943","targetHints":{"allow":["GET"]}}],"collection":[{"href":"https:\/\/www.abchukuk.com\/index.php\/wp-json\/wp\/v2\/posts"}],"about":[{"href":"https:\/\/www.abchukuk.com\/index.php\/wp-json\/wp\/v2\/types\/post"}],"author":[{"embeddable":true,"href":"https:\/\/www.abchukuk.com\/index.php\/wp-json\/wp\/v2\/users\/1"}],"replies":[{"embeddable":true,"href":"https:\/\/www.abchukuk.com\/index.php\/wp-json\/wp\/v2\/comments?post=2943"}],"version-history":[{"count":0,"href":"https:\/\/www.abchukuk.com\/index.php\/wp-json\/wp\/v2\/posts\/2943\/revisions"}],"wp:featuredmedia":[{"embeddable":true,"href":"https:\/\/www.abchukuk.com\/index.php\/wp-json\/wp\/v2\/media\/2944"}],"wp:attachment":[{"href":"https:\/\/www.abchukuk.com\/index.php\/wp-json\/wp\/v2\/media?parent=2943"}],"wp:term":[{"taxonomy":"category","embeddable":true,"href":"https:\/\/www.abchukuk.com\/index.php\/wp-json\/wp\/v2\/categories?post=2943"},{"taxonomy":"post_tag","embeddable":true,"href":"https:\/\/www.abchukuk.com\/index.php\/wp-json\/wp\/v2\/tags?post=2943"}],"curies":[{"name":"wp","href":"https:\/\/api.w.org\/{rel}","templated":true}]}}