{"id":2939,"date":"2025-09-01T07:45:00","date_gmt":"2025-09-01T07:45:00","guid":{"rendered":"http:\/\/www.lopsssdoner.com\/index.php\/2025\/09\/01\/izmir-barosundan-adli-yil-mesaji-adalet-susturulamaz\/"},"modified":"2025-09-01T07:45:00","modified_gmt":"2025-09-01T07:45:00","slug":"izmir-barosundan-adli-yil-mesaji-adalet-susturulamaz","status":"publish","type":"post","link":"https:\/\/www.abchukuk.com\/index.php\/2025\/09\/01\/izmir-barosundan-adli-yil-mesaji-adalet-susturulamaz\/","title":{"rendered":"\u0130zmir Barosu\u2019ndan Adli Y\u0131l mesaj\u0131: Adalet Susturulamaz"},"content":{"rendered":"<p>Adli Y\u0131l a\u00e7\u0131l\u0131\u015f\u0131nda baro konu\u015fmas\u0131n\u0131n iptal edilmesine tepki g\u00f6steren avukatlar \u0130zmir Adliyesi \u00f6n\u00fcnde topland\u0131. Atat\u00fcrk An\u0131t\u0131&#8217;na \u00e7elenk sunumu sonras\u0131 a\u00e7\u0131klamalarda bulunan baro ba\u015fkan\u0131 Sefa Y\u0131lmaz, \u201c\u0130zmir Barosu\u2019nun muhalif sesinin duyulmas\u0131n\u0131n sorun te\u015fkil etti\u011fini d\u00fc\u015f\u00fcnd\u00fcren bu uygulamay\u0131 kabul etmiyoruz. Yarg\u0131n\u0131n di\u011fer kurucu unsurlar\u0131 susmay\u0131 tercih etse de \u0130zmir Barosu sesini y\u00fckseltmeye, sorunlar\u0131 dile getirmeye devam edecektir\u201d dedi.Adli Y\u0131l a\u00e7\u0131l\u0131\u015f\u0131nda baro konu\u015fmas\u0131n\u0131n iptal edilmesine tepki g\u00f6steren avukatlar \u0130zmir Adliyesi \u00f6n\u00fcnde topland\u0131. Atat\u00fcrk An\u0131t\u0131&#8217;na \u00e7elenk sunumu sonras\u0131 a\u00e7\u0131klamalarda bulunan baro ba\u015fkan\u0131 Sefa Y\u0131lmaz, \u201c\u0130zmir Barosu\u2019nun muhalif sesinin duyulmas\u0131n\u0131n sorun te\u015fkil etti\u011fini d\u00fc\u015f\u00fcnd\u00fcren bu uygulamay\u0131 kabul etmiyoruz. Yarg\u0131n\u0131n di\u011fer kurucu unsurlar\u0131 susmay\u0131 tercih etse de \u0130zmir Barosu sesini y\u00fckseltmeye, sorunlar\u0131 dile getirmeye devam edecektir\u201d dedi.\u00a0<a href=\"https:\/\/www.cumhuriyet.com.tr\/cumhuriyet-in-egesi\/izmir-barosu-ndan-adli-yil-mesaji-adalet-susturulamaz-2431185\" target=\"_blank\" class=\"feedzy-rss-link-icon\">Read More<\/a><\/p>","protected":false},"excerpt":{"rendered":"<p>Adli Y\u0131l a\u00e7\u0131l\u0131\u015f\u0131nda baro konu\u015fmas\u0131n\u0131n iptal edilmesine tepki g\u00f6steren avukatlar \u0130zmir Adliyesi \u00f6n\u00fcnde topland\u0131. Atat\u00fcrk An\u0131t\u0131&#8217;na \u00e7elenk sunumu sonras\u0131 a\u00e7\u0131klamalarda bulunan baro ba\u015fkan\u0131 Sefa Y\u0131lmaz, \u201c\u0130zmir Barosu\u2019nun muhalif sesinin duyulmas\u0131n\u0131n sorun te\u015fkil etti\u011fini d\u00fc\u015f\u00fcnd\u00fcren bu uygulamay\u0131 kabul etmiyoruz. Yarg\u0131n\u0131n di\u011fer kurucu unsurlar\u0131 susmay\u0131 tercih etse de \u0130zmir Barosu sesini y\u00fckseltmeye, sorunlar\u0131 dile getirmeye devam edecektir\u201d [&hellip;]<\/p>\n","protected":false},"author":1,"featured_media":2940,"comment_status":"open","ping_status":"open","sticky":false,"template":"","format":"standard","meta":{"footnotes":"","_links_to":"","_links_to_target":""},"categories":[1],"tags":[],"class_list":["post-2939","post","type-post","status-publish","format-standard","has-post-thumbnail","hentry","category-haberler"],"_links":{"self":[{"href":"https:\/\/www.abchukuk.com\/index.php\/wp-json\/wp\/v2\/posts\/2939","targetHints":{"allow":["GET"]}}],"collection":[{"href":"https:\/\/www.abchukuk.com\/index.php\/wp-json\/wp\/v2\/posts"}],"about":[{"href":"https:\/\/www.abchukuk.com\/index.php\/wp-json\/wp\/v2\/types\/post"}],"author":[{"embeddable":true,"href":"https:\/\/www.abchukuk.com\/index.php\/wp-json\/wp\/v2\/users\/1"}],"replies":[{"embeddable":true,"href":"https:\/\/www.abchukuk.com\/index.php\/wp-json\/wp\/v2\/comments?post=2939"}],"version-history":[{"count":0,"href":"https:\/\/www.abchukuk.com\/index.php\/wp-json\/wp\/v2\/posts\/2939\/revisions"}],"wp:featuredmedia":[{"embeddable":true,"href":"https:\/\/www.abchukuk.com\/index.php\/wp-json\/wp\/v2\/media\/2940"}],"wp:attachment":[{"href":"https:\/\/www.abchukuk.com\/index.php\/wp-json\/wp\/v2\/media?parent=2939"}],"wp:term":[{"taxonomy":"category","embeddable":true,"href":"https:\/\/www.abchukuk.com\/index.php\/wp-json\/wp\/v2\/categories?post=2939"},{"taxonomy":"post_tag","embeddable":true,"href":"https:\/\/www.abchukuk.com\/index.php\/wp-json\/wp\/v2\/tags?post=2939"}],"curies":[{"name":"wp","href":"https:\/\/api.w.org\/{rel}","templated":true}]}}