{"id":2938,"date":"2025-09-01T07:45:42","date_gmt":"2025-09-01T07:45:42","guid":{"rendered":"http:\/\/www.lopsssdoner.com\/index.php\/2025\/09\/01\/hsk-2-daire-uyesi-seyfi-handan-adli-yil-mesaji\/"},"modified":"2025-09-01T07:45:42","modified_gmt":"2025-09-01T07:45:42","slug":"hsk-2-daire-uyesi-seyfi-handan-adli-yil-mesaji","status":"publish","type":"post","link":"https:\/\/www.abchukuk.com\/index.php\/2025\/09\/01\/hsk-2-daire-uyesi-seyfi-handan-adli-yil-mesaji\/","title":{"rendered":"HSK 2. Daire \u00dcyesi Seyfi Han\u2019dan adli y\u0131l mesaj\u0131"},"content":{"rendered":"<p>Yeni adli y\u0131l\u0131n ba\u015flamas\u0131 dolay\u0131s\u0131yla bir kutlama mesaj\u0131 yay\u0131mlayan H\u00e2kimler ve Savc\u0131lar Kurulu (HSK) 2. Daire \u00dcyesi Seyfi Han, h\u00e2kim, savc\u0131, avukat ve adalet personeline ba\u015far\u0131lar diledi.<\/p>\n<p>ADALET VE HAKKAN\u0130YET VURGUSU<\/p>\n<p>Mesaj\u0131nda adaletin ve hakkaniyetin \u00f6nemine dikkat \u00e7eken Seyfi Han, \u201cAdli y\u0131l\u0131n; \u00fclkemiz, milletimiz ve camiam\u0131za hay\u0131rlar getirmesini diliyorum. Hep birlikte, adalet ve hakkaniyetin hakim oldu\u011fu; bar\u0131\u015f, huzur ve mutluluk dolu nice adli y\u0131llara eri\u015fmeyi temenni ediyorum\u201d dedi.<\/p>\n<p>HSK 2. Daire \u00dcyesi Seyfi Han, yay\u0131mlad\u0131\u011f\u0131 mesajda yeni adli y\u0131l\u0131n t\u00fcm yarg\u0131 camias\u0131na, \u00fclkeye ve millete hay\u0131rlar getirmesini diledi.\u00a0<a href=\"https:\/\/www.son.tv\/hsk-2-daire-uyesi-seyfi-handan-adli-yil-mesaji\/\" target=\"_blank\" class=\"feedzy-rss-link-icon\">Read More<\/a><\/p>","protected":false},"excerpt":{"rendered":"<p>Yeni adli y\u0131l\u0131n ba\u015flamas\u0131 dolay\u0131s\u0131yla bir kutlama mesaj\u0131 yay\u0131mlayan H\u00e2kimler ve Savc\u0131lar Kurulu (HSK) 2. Daire \u00dcyesi Seyfi Han, h\u00e2kim, savc\u0131, avukat ve adalet personeline ba\u015far\u0131lar diledi. ADALET VE HAKKAN\u0130YET VURGUSU Mesaj\u0131nda adaletin ve hakkaniyetin \u00f6nemine dikkat \u00e7eken Seyfi Han, \u201cAdli y\u0131l\u0131n; \u00fclkemiz, milletimiz ve camiam\u0131za hay\u0131rlar getirmesini diliyorum. Hep birlikte, adalet ve hakkaniyetin hakim [&hellip;]<\/p>\n","protected":false},"author":1,"featured_media":0,"comment_status":"open","ping_status":"open","sticky":false,"template":"","format":"standard","meta":{"footnotes":"","_links_to":"","_links_to_target":""},"categories":[1],"tags":[],"class_list":["post-2938","post","type-post","status-publish","format-standard","hentry","category-haberler"],"_links":{"self":[{"href":"https:\/\/www.abchukuk.com\/index.php\/wp-json\/wp\/v2\/posts\/2938","targetHints":{"allow":["GET"]}}],"collection":[{"href":"https:\/\/www.abchukuk.com\/index.php\/wp-json\/wp\/v2\/posts"}],"about":[{"href":"https:\/\/www.abchukuk.com\/index.php\/wp-json\/wp\/v2\/types\/post"}],"author":[{"embeddable":true,"href":"https:\/\/www.abchukuk.com\/index.php\/wp-json\/wp\/v2\/users\/1"}],"replies":[{"embeddable":true,"href":"https:\/\/www.abchukuk.com\/index.php\/wp-json\/wp\/v2\/comments?post=2938"}],"version-history":[{"count":0,"href":"https:\/\/www.abchukuk.com\/index.php\/wp-json\/wp\/v2\/posts\/2938\/revisions"}],"wp:attachment":[{"href":"https:\/\/www.abchukuk.com\/index.php\/wp-json\/wp\/v2\/media?parent=2938"}],"wp:term":[{"taxonomy":"category","embeddable":true,"href":"https:\/\/www.abchukuk.com\/index.php\/wp-json\/wp\/v2\/categories?post=2938"},{"taxonomy":"post_tag","embeddable":true,"href":"https:\/\/www.abchukuk.com\/index.php\/wp-json\/wp\/v2\/tags?post=2938"}],"curies":[{"name":"wp","href":"https:\/\/api.w.org\/{rel}","templated":true}]}}