{"id":2936,"date":"2025-09-01T07:52:00","date_gmt":"2025-09-01T07:52:00","guid":{"rendered":"http:\/\/www.lopsssdoner.com\/index.php\/2025\/09\/01\/rojin-kabaisin-olumuyle-ilgili-savcilik-gorusu-2-kisiden-supheleniyoruz\/"},"modified":"2025-09-01T07:52:00","modified_gmt":"2025-09-01T07:52:00","slug":"rojin-kabaisin-olumuyle-ilgili-savcilik-gorusu-2-kisiden-supheleniyoruz","status":"publish","type":"post","link":"https:\/\/www.abchukuk.com\/index.php\/2025\/09\/01\/rojin-kabaisin-olumuyle-ilgili-savcilik-gorusu-2-kisiden-supheleniyoruz\/","title":{"rendered":"Rojin Kabai\u015f\u2019in \u00f6l\u00fcm\u00fcyle ilgili savc\u0131l\u0131k g\u00f6r\u00fc\u015f\u00fc: &#8216;2 ki\u015fiden \u015f\u00fcpheleniyoruz&#8217;"},"content":{"rendered":"<p>Kaybolduktan 18 g\u00fcn sonra cans\u0131z bedeni bulunan 21 ya\u015f\u0131ndaki \u00fcniversite \u00f6\u011frencisi Rojin Kabai\u015f&#8217;in \u00f6l\u00fcm\u00fcyle ilgili konu\u015fan baba Nizamettin Kabai\u015f, savc\u0131n\u0131n kendisine &#8220;Bir \u015fey bulduk, iki ki\u015fiden \u015f\u00fcpheleniyoruz&#8221; dedi\u011fini s\u00f6yledi.Kaybolduktan 18 g\u00fcn sonra cans\u0131z bedeni bulunan 21 ya\u015f\u0131ndaki \u00fcniversite \u00f6\u011frencisi Rojin Kabai\u015f&#8217;in \u00f6l\u00fcm\u00fcyle ilgili konu\u015fan baba Nizamettin Kabai\u015f, savc\u0131n\u0131n kendisine &#8220;Bir \u015fey bulduk, iki ki\u015fiden \u015f\u00fcpheleniyoruz&#8221; dedi\u011fini s\u00f6yledi.\u00a0<a href=\"https:\/\/www.cumhuriyet.com.tr\/turkiye\/rojin-kabais-in-olumuyle-ilgili-savcilik-gorusu-2-kisiden-supheleniyoruz-2431188\" target=\"_blank\" class=\"feedzy-rss-link-icon\">Read More<\/a><\/p>","protected":false},"excerpt":{"rendered":"<p>Kaybolduktan 18 g\u00fcn sonra cans\u0131z bedeni bulunan 21 ya\u015f\u0131ndaki \u00fcniversite \u00f6\u011frencisi Rojin Kabai\u015f&#8217;in \u00f6l\u00fcm\u00fcyle ilgili konu\u015fan baba Nizamettin Kabai\u015f, savc\u0131n\u0131n kendisine &#8220;Bir \u015fey bulduk, iki ki\u015fiden \u015f\u00fcpheleniyoruz&#8221; dedi\u011fini s\u00f6yledi.Kaybolduktan 18 g\u00fcn sonra cans\u0131z bedeni bulunan 21 ya\u015f\u0131ndaki \u00fcniversite \u00f6\u011frencisi Rojin Kabai\u015f&#8217;in \u00f6l\u00fcm\u00fcyle ilgili konu\u015fan baba Nizamettin Kabai\u015f, savc\u0131n\u0131n kendisine &#8220;Bir \u015fey bulduk, iki ki\u015fiden \u015f\u00fcpheleniyoruz&#8221; [&hellip;]<\/p>\n","protected":false},"author":1,"featured_media":2937,"comment_status":"open","ping_status":"open","sticky":false,"template":"","format":"standard","meta":{"footnotes":"","_links_to":"","_links_to_target":""},"categories":[1],"tags":[],"class_list":["post-2936","post","type-post","status-publish","format-standard","has-post-thumbnail","hentry","category-haberler"],"_links":{"self":[{"href":"https:\/\/www.abchukuk.com\/index.php\/wp-json\/wp\/v2\/posts\/2936","targetHints":{"allow":["GET"]}}],"collection":[{"href":"https:\/\/www.abchukuk.com\/index.php\/wp-json\/wp\/v2\/posts"}],"about":[{"href":"https:\/\/www.abchukuk.com\/index.php\/wp-json\/wp\/v2\/types\/post"}],"author":[{"embeddable":true,"href":"https:\/\/www.abchukuk.com\/index.php\/wp-json\/wp\/v2\/users\/1"}],"replies":[{"embeddable":true,"href":"https:\/\/www.abchukuk.com\/index.php\/wp-json\/wp\/v2\/comments?post=2936"}],"version-history":[{"count":0,"href":"https:\/\/www.abchukuk.com\/index.php\/wp-json\/wp\/v2\/posts\/2936\/revisions"}],"wp:featuredmedia":[{"embeddable":true,"href":"https:\/\/www.abchukuk.com\/index.php\/wp-json\/wp\/v2\/media\/2937"}],"wp:attachment":[{"href":"https:\/\/www.abchukuk.com\/index.php\/wp-json\/wp\/v2\/media?parent=2936"}],"wp:term":[{"taxonomy":"category","embeddable":true,"href":"https:\/\/www.abchukuk.com\/index.php\/wp-json\/wp\/v2\/categories?post=2936"},{"taxonomy":"post_tag","embeddable":true,"href":"https:\/\/www.abchukuk.com\/index.php\/wp-json\/wp\/v2\/tags?post=2936"}],"curies":[{"name":"wp","href":"https:\/\/api.w.org\/{rel}","templated":true}]}}