{"id":2933,"date":"2025-09-01T08:08:00","date_gmt":"2025-09-01T08:08:00","guid":{"rendered":"http:\/\/www.lopsssdoner.com\/index.php\/2025\/09\/01\/chpli-basarirdan-yeni-adli-yil-mesaji-saraydan-degil-vicdandan-beslenen-adalet-istiyoruz\/"},"modified":"2025-09-01T08:08:00","modified_gmt":"2025-09-01T08:08:00","slug":"chpli-basarirdan-yeni-adli-yil-mesaji-saraydan-degil-vicdandan-beslenen-adalet-istiyoruz","status":"publish","type":"post","link":"https:\/\/www.abchukuk.com\/index.php\/2025\/09\/01\/chpli-basarirdan-yeni-adli-yil-mesaji-saraydan-degil-vicdandan-beslenen-adalet-istiyoruz\/","title":{"rendered":"CHP&#8217;li Ba\u015far\u0131r&#8217;dan yeni &#8216;adli y\u0131l&#8217; mesaj\u0131: &#8216;Saray&#8217;dan de\u011fil vicdandan beslenen adalet istiyoruz&#8217;"},"content":{"rendered":"<p>CHP Grup Ba\u015fkanvekili Ali Mahir Ba\u015far\u0131r, \u201cSaraydan de\u011fil vicdandan beslenen bir adaletin uyguland\u0131\u011f\u0131, kimsenin hukuksuzca \u00f6tekile\u015ftirilmedi\u011fi ve ayr\u0131cal\u0131kl\u0131 olmad\u0131\u011f\u0131 bir T\u00fcrkiye istiyoruz\u201d ifadelerini kulland\u0131.CHP Grup Ba\u015fkanvekili Ali Mahir Ba\u015far\u0131r, \u201cSaraydan de\u011fil vicdandan beslenen bir adaletin uyguland\u0131\u011f\u0131, kimsenin hukuksuzca \u00f6tekile\u015ftirilmedi\u011fi ve ayr\u0131cal\u0131kl\u0131 olmad\u0131\u011f\u0131 bir T\u00fcrkiye istiyoruz\u201d ifadelerini kulland\u0131.\u00a0<a href=\"https:\/\/www.cumhuriyet.com.tr\/turkiye\/chp-li-basarir-dan-yeni-adli-yil-mesaji-saray-dan-degil-vicdandan-beslenen-adalet-istiyoruz-2431200\" target=\"_blank\" class=\"feedzy-rss-link-icon\">Read More<\/a><\/p>","protected":false},"excerpt":{"rendered":"<p>CHP Grup Ba\u015fkanvekili Ali Mahir Ba\u015far\u0131r, \u201cSaraydan de\u011fil vicdandan beslenen bir adaletin uyguland\u0131\u011f\u0131, kimsenin hukuksuzca \u00f6tekile\u015ftirilmedi\u011fi ve ayr\u0131cal\u0131kl\u0131 olmad\u0131\u011f\u0131 bir T\u00fcrkiye istiyoruz\u201d ifadelerini kulland\u0131.CHP Grup Ba\u015fkanvekili Ali Mahir Ba\u015far\u0131r, \u201cSaraydan de\u011fil vicdandan beslenen bir adaletin uyguland\u0131\u011f\u0131, kimsenin hukuksuzca \u00f6tekile\u015ftirilmedi\u011fi ve ayr\u0131cal\u0131kl\u0131 olmad\u0131\u011f\u0131 bir T\u00fcrkiye istiyoruz\u201d ifadelerini kulland\u0131.\u00a0Read More<\/p>\n","protected":false},"author":1,"featured_media":2934,"comment_status":"open","ping_status":"open","sticky":false,"template":"","format":"standard","meta":{"footnotes":"","_links_to":"","_links_to_target":""},"categories":[1],"tags":[],"class_list":["post-2933","post","type-post","status-publish","format-standard","has-post-thumbnail","hentry","category-haberler"],"_links":{"self":[{"href":"https:\/\/www.abchukuk.com\/index.php\/wp-json\/wp\/v2\/posts\/2933","targetHints":{"allow":["GET"]}}],"collection":[{"href":"https:\/\/www.abchukuk.com\/index.php\/wp-json\/wp\/v2\/posts"}],"about":[{"href":"https:\/\/www.abchukuk.com\/index.php\/wp-json\/wp\/v2\/types\/post"}],"author":[{"embeddable":true,"href":"https:\/\/www.abchukuk.com\/index.php\/wp-json\/wp\/v2\/users\/1"}],"replies":[{"embeddable":true,"href":"https:\/\/www.abchukuk.com\/index.php\/wp-json\/wp\/v2\/comments?post=2933"}],"version-history":[{"count":0,"href":"https:\/\/www.abchukuk.com\/index.php\/wp-json\/wp\/v2\/posts\/2933\/revisions"}],"wp:featuredmedia":[{"embeddable":true,"href":"https:\/\/www.abchukuk.com\/index.php\/wp-json\/wp\/v2\/media\/2934"}],"wp:attachment":[{"href":"https:\/\/www.abchukuk.com\/index.php\/wp-json\/wp\/v2\/media?parent=2933"}],"wp:term":[{"taxonomy":"category","embeddable":true,"href":"https:\/\/www.abchukuk.com\/index.php\/wp-json\/wp\/v2\/categories?post=2933"},{"taxonomy":"post_tag","embeddable":true,"href":"https:\/\/www.abchukuk.com\/index.php\/wp-json\/wp\/v2\/tags?post=2933"}],"curies":[{"name":"wp","href":"https:\/\/api.w.org\/{rel}","templated":true}]}}