{"id":2915,"date":"2025-08-31T01:21:04","date_gmt":"2025-08-31T01:21:04","guid":{"rendered":"http:\/\/www.lopsssdoner.com\/index.php\/2025\/08\/31\/6-ilde-suc-orgutune-yonelik-operasyon-9-tutuklama\/"},"modified":"2025-08-31T01:21:04","modified_gmt":"2025-08-31T01:21:04","slug":"6-ilde-suc-orgutune-yonelik-operasyon-9-tutuklama","status":"publish","type":"post","link":"https:\/\/www.abchukuk.com\/index.php\/2025\/08\/31\/6-ilde-suc-orgutune-yonelik-operasyon-9-tutuklama\/","title":{"rendered":"6 ilde su\u00e7 \u00f6rg\u00fct\u00fcne y\u00f6nelik operasyon: 9 tutuklama"},"content":{"rendered":"<p>Bursa merkezli 6 ilde d\u00fczenlenen operasyonda, aralar\u0131nda Interpol taraf\u0131ndan aranan su\u00e7 \u00f6rg\u00fct\u00fc lideri Kenan \u00d6zcan&#8217;\u0131n da bulundu\u011fu \u00e7\u0131kar ama\u00e7l\u0131 silahl\u0131 su\u00e7 \u00f6rg\u00fct\u00fc &#8220;Golani&#8221;ye a\u011f\u0131r darbe vuruldu. Operasyonda yakalanan 11 \u015f\u00fcpheliden 9&#8217;u tutuklanarak cezaevine g\u00f6nderildiBursa merkezli 6 ilde d\u00fczenlenen operasyonda, aralar\u0131nda Interpol taraf\u0131ndan aranan su\u00e7 \u00f6rg\u00fct\u00fc lideri Kenan \u00d6zcan&#8217;\u0131n da bulundu\u011fu \u00e7\u0131kar ama\u00e7l\u0131 silahl\u0131 su\u00e7 \u00f6rg\u00fct\u00fc &#8220;Golani&#8221;ye a\u011f\u0131r darbe vuruldu. Operasyonda yakalanan 11 \u015f\u00fcpheliden 9&#8217;u tutuklanarak cezaevine g\u00f6nderildi\u00a0<a href=\"https:\/\/www.haberturk.com\/bursa-merkezli-6-ilde-suc-orgutune-yonelik-operasyon-9-tutuklama-3818843\" target=\"_blank\" class=\"feedzy-rss-link-icon\">Read More<\/a><\/p>","protected":false},"excerpt":{"rendered":"<p>Bursa merkezli 6 ilde d\u00fczenlenen operasyonda, aralar\u0131nda Interpol taraf\u0131ndan aranan su\u00e7 \u00f6rg\u00fct\u00fc lideri Kenan \u00d6zcan&#8217;\u0131n da bulundu\u011fu \u00e7\u0131kar ama\u00e7l\u0131 silahl\u0131 su\u00e7 \u00f6rg\u00fct\u00fc &#8220;Golani&#8221;ye a\u011f\u0131r darbe vuruldu. Operasyonda yakalanan 11 \u015f\u00fcpheliden 9&#8217;u tutuklanarak cezaevine g\u00f6nderildiBursa merkezli 6 ilde d\u00fczenlenen operasyonda, aralar\u0131nda Interpol taraf\u0131ndan aranan su\u00e7 \u00f6rg\u00fct\u00fc lideri Kenan \u00d6zcan&#8217;\u0131n da bulundu\u011fu \u00e7\u0131kar ama\u00e7l\u0131 silahl\u0131 su\u00e7 \u00f6rg\u00fct\u00fc [&hellip;]<\/p>\n","protected":false},"author":1,"featured_media":0,"comment_status":"open","ping_status":"open","sticky":false,"template":"","format":"standard","meta":{"footnotes":"","_links_to":"","_links_to_target":""},"categories":[1],"tags":[],"class_list":["post-2915","post","type-post","status-publish","format-standard","hentry","category-haberler"],"_links":{"self":[{"href":"https:\/\/www.abchukuk.com\/index.php\/wp-json\/wp\/v2\/posts\/2915","targetHints":{"allow":["GET"]}}],"collection":[{"href":"https:\/\/www.abchukuk.com\/index.php\/wp-json\/wp\/v2\/posts"}],"about":[{"href":"https:\/\/www.abchukuk.com\/index.php\/wp-json\/wp\/v2\/types\/post"}],"author":[{"embeddable":true,"href":"https:\/\/www.abchukuk.com\/index.php\/wp-json\/wp\/v2\/users\/1"}],"replies":[{"embeddable":true,"href":"https:\/\/www.abchukuk.com\/index.php\/wp-json\/wp\/v2\/comments?post=2915"}],"version-history":[{"count":0,"href":"https:\/\/www.abchukuk.com\/index.php\/wp-json\/wp\/v2\/posts\/2915\/revisions"}],"wp:attachment":[{"href":"https:\/\/www.abchukuk.com\/index.php\/wp-json\/wp\/v2\/media?parent=2915"}],"wp:term":[{"taxonomy":"category","embeddable":true,"href":"https:\/\/www.abchukuk.com\/index.php\/wp-json\/wp\/v2\/categories?post=2915"},{"taxonomy":"post_tag","embeddable":true,"href":"https:\/\/www.abchukuk.com\/index.php\/wp-json\/wp\/v2\/tags?post=2915"}],"curies":[{"name":"wp","href":"https:\/\/api.w.org\/{rel}","templated":true}]}}