{"id":2912,"date":"2025-08-31T15:48:30","date_gmt":"2025-08-31T15:48:30","guid":{"rendered":"http:\/\/www.lopsssdoner.com\/index.php\/2025\/08\/31\/assan-group-sirket-sahibi-ve-yoneticisine-tutuklama-talebi\/"},"modified":"2025-08-31T15:48:30","modified_gmt":"2025-08-31T15:48:30","slug":"assan-group-sirket-sahibi-ve-yoneticisine-tutuklama-talebi","status":"publish","type":"post","link":"https:\/\/www.abchukuk.com\/index.php\/2025\/08\/31\/assan-group-sirket-sahibi-ve-yoneticisine-tutuklama-talebi\/","title":{"rendered":"ASSAN Group \u015firket sahibi ve y\u00f6neticisine tutuklama talebi"},"content":{"rendered":"<p>Fetullah\u00e7\u0131 Ter\u00f6r \u00d6rg\u00fct\u00fc (FET\u00d6) ile irtibatl\u0131 olduklar\u0131 ve askeri casusluk faaliyeti ger\u00e7ekle\u015ftirdikleri gerek\u00e7esiyle g\u00f6zalt\u0131na al\u0131nan ASSAN Group ismi alt\u0131nda faaliyet g\u00f6steren \u015firket sahibi Emin \u00d6ner ile \u015firket genel m\u00fcd\u00fcr\u00fc G\u00fcrcan Okumu\u015f tutuklama talebiyle sulh ceza hakimli\u011fine sevk edildi.Fetullah\u00e7\u0131 Ter\u00f6r \u00d6rg\u00fct\u00fc (FET\u00d6) ile irtibatl\u0131 olduklar\u0131 ve askeri casusluk faaliyeti ger\u00e7ekle\u015ftirdikleri gerek\u00e7esiyle g\u00f6zalt\u0131na al\u0131nan ASSAN Group ismi alt\u0131nda faaliyet g\u00f6steren \u015firket sahibi Emin \u00d6ner ile \u015firket genel m\u00fcd\u00fcr\u00fc G\u00fcrcan Okumu\u015f tutuklama talebiyle sulh ceza hakimli\u011fine sevk edildi.\u00a0<a href=\"https:\/\/www.haberturk.com\/assan-group-sirket-sahibi-ve-yoneticisine-tutuklama-talebi-3818948\" target=\"_blank\" class=\"feedzy-rss-link-icon\">Read More<\/a><\/p>","protected":false},"excerpt":{"rendered":"<p>Fetullah\u00e7\u0131 Ter\u00f6r \u00d6rg\u00fct\u00fc (FET\u00d6) ile irtibatl\u0131 olduklar\u0131 ve askeri casusluk faaliyeti ger\u00e7ekle\u015ftirdikleri gerek\u00e7esiyle g\u00f6zalt\u0131na al\u0131nan ASSAN Group ismi alt\u0131nda faaliyet g\u00f6steren \u015firket sahibi Emin \u00d6ner ile \u015firket genel m\u00fcd\u00fcr\u00fc G\u00fcrcan Okumu\u015f tutuklama talebiyle sulh ceza hakimli\u011fine sevk edildi.Fetullah\u00e7\u0131 Ter\u00f6r \u00d6rg\u00fct\u00fc (FET\u00d6) ile irtibatl\u0131 olduklar\u0131 ve askeri casusluk faaliyeti ger\u00e7ekle\u015ftirdikleri gerek\u00e7esiyle g\u00f6zalt\u0131na al\u0131nan ASSAN Group ismi [&hellip;]<\/p>\n","protected":false},"author":1,"featured_media":0,"comment_status":"open","ping_status":"open","sticky":false,"template":"","format":"standard","meta":{"footnotes":"","_links_to":"","_links_to_target":""},"categories":[1],"tags":[],"class_list":["post-2912","post","type-post","status-publish","format-standard","hentry","category-haberler"],"_links":{"self":[{"href":"https:\/\/www.abchukuk.com\/index.php\/wp-json\/wp\/v2\/posts\/2912","targetHints":{"allow":["GET"]}}],"collection":[{"href":"https:\/\/www.abchukuk.com\/index.php\/wp-json\/wp\/v2\/posts"}],"about":[{"href":"https:\/\/www.abchukuk.com\/index.php\/wp-json\/wp\/v2\/types\/post"}],"author":[{"embeddable":true,"href":"https:\/\/www.abchukuk.com\/index.php\/wp-json\/wp\/v2\/users\/1"}],"replies":[{"embeddable":true,"href":"https:\/\/www.abchukuk.com\/index.php\/wp-json\/wp\/v2\/comments?post=2912"}],"version-history":[{"count":0,"href":"https:\/\/www.abchukuk.com\/index.php\/wp-json\/wp\/v2\/posts\/2912\/revisions"}],"wp:attachment":[{"href":"https:\/\/www.abchukuk.com\/index.php\/wp-json\/wp\/v2\/media?parent=2912"}],"wp:term":[{"taxonomy":"category","embeddable":true,"href":"https:\/\/www.abchukuk.com\/index.php\/wp-json\/wp\/v2\/categories?post=2912"},{"taxonomy":"post_tag","embeddable":true,"href":"https:\/\/www.abchukuk.com\/index.php\/wp-json\/wp\/v2\/tags?post=2912"}],"curies":[{"name":"wp","href":"https:\/\/api.w.org\/{rel}","templated":true}]}}