{"id":2910,"date":"2025-08-31T18:46:40","date_gmt":"2025-08-31T18:46:40","guid":{"rendered":"http:\/\/www.lopsssdoner.com\/index.php\/2025\/08\/31\/sehit-savcinin-ailesine-vefa\/"},"modified":"2025-08-31T18:46:40","modified_gmt":"2025-08-31T18:46:40","slug":"sehit-savcinin-ailesine-vefa","status":"publish","type":"post","link":"https:\/\/www.abchukuk.com\/index.php\/2025\/08\/31\/sehit-savcinin-ailesine-vefa\/","title":{"rendered":"\u015eehit savc\u0131n\u0131n ailesine vefa"},"content":{"rendered":"<p>TUNCEL\u0130\u2019nin Ovac\u0131k il\u00e7esinde 13 y\u0131l \u00f6nce ter\u00f6r sald\u0131r\u0131s\u0131 sonucu \u015fehit olan Cumhuriyet Ba\u015fsavc\u0131s\u0131 Murat Uzun\u2019un ailesi Adalet Bakanl\u0131\u011f\u0131\u2019nda a\u011f\u0131rland\u0131.<\/p>\n<p>\u015eehit Ba\u015fsavc\u0131s\u0131n\u0131n babas\u0131 Hamit Uzun, a\u011fabeyi Ramazan Uzun ve yengesi Fatma Uzun Adalet Bakan\u0131 Y\u0131lmaz Tun\u00e7 taraf\u0131ndan kabul edildi.<\/p>\n<p>Bakan Tun\u00e7 yapt\u0131\u011f\u0131 payla\u015f\u0131mda, \u201c\u015eehidimizin aziz hat\u0131ras\u0131n\u0131 ya\u015fataca\u011f\u0131z, ruhu \u015fadolun\u201ddedi.<\/p>\n<div class=\"wp-caption alignnone\"><img fetchpriority=\"high\" decoding=\"async\" aria-describedby=\"caption-attachment-162463\" class=\"size-large wp-image-162463\" src=\"https:\/\/www.son.tv\/wp-content\/uploads\/2025\/08\/IMG_7711-1-1024x688.jpeg\" alt=\"\" width=\"1024\" height=\"688\" \/>\n<p class=\"wp-caption-text\">Screenshot<\/p>\n<\/div>\n<p>TUNCEL\u0130\u2019nin Ovac\u0131k il\u00e7esinde 13 y\u0131l \u00f6nce ter\u00f6r sald\u0131r\u0131s\u0131 sonucu \u015fehit olan Cumhuriyet Ba\u015fsavc\u0131s\u0131 Murat Uzun\u2019un ailesi Adalet Bakanl\u0131\u011f\u0131\u2019nda a\u011f\u0131rland\u0131. \u015eehit Ba\u015fsavc\u0131s\u0131n\u0131n babas\u0131 Hamit Uzun, a\u011fabeyi Ramazan Uzun ve yengesi Fatma Uzun Adalet Bakan\u0131 Y\u0131lmaz Tun\u00e7 taraf\u0131ndan kabul edildi. Bakan Tun\u00e7 yapt\u0131\u011f\u0131 payla\u015f\u0131mda, \u201c\u015eehidimizin aziz hat\u0131ras\u0131n\u0131 ya\u015fataca\u011f\u0131z, ruhu \u015fadolun\u201ddedi.\u00a0<a href=\"https:\/\/www.son.tv\/sehit-savcinin-ailesine-vefa\/\" target=\"_blank\" class=\"feedzy-rss-link-icon\">Read More<\/a><\/p>","protected":false},"excerpt":{"rendered":"<p>TUNCEL\u0130\u2019nin Ovac\u0131k il\u00e7esinde 13 y\u0131l \u00f6nce ter\u00f6r sald\u0131r\u0131s\u0131 sonucu \u015fehit olan Cumhuriyet Ba\u015fsavc\u0131s\u0131 Murat Uzun\u2019un ailesi Adalet Bakanl\u0131\u011f\u0131\u2019nda a\u011f\u0131rland\u0131. \u015eehit Ba\u015fsavc\u0131s\u0131n\u0131n babas\u0131 Hamit Uzun, a\u011fabeyi Ramazan Uzun ve yengesi Fatma Uzun Adalet Bakan\u0131 Y\u0131lmaz Tun\u00e7 taraf\u0131ndan kabul edildi. Bakan Tun\u00e7 yapt\u0131\u011f\u0131 payla\u015f\u0131mda, \u201c\u015eehidimizin aziz hat\u0131ras\u0131n\u0131 ya\u015fataca\u011f\u0131z, ruhu \u015fadolun\u201ddedi. Screenshot TUNCEL\u0130\u2019nin Ovac\u0131k il\u00e7esinde 13 y\u0131l \u00f6nce [&hellip;]<\/p>\n","protected":false},"author":1,"featured_media":2911,"comment_status":"open","ping_status":"open","sticky":false,"template":"","format":"standard","meta":{"footnotes":"","_links_to":"","_links_to_target":""},"categories":[1],"tags":[],"class_list":["post-2910","post","type-post","status-publish","format-standard","has-post-thumbnail","hentry","category-haberler"],"_links":{"self":[{"href":"https:\/\/www.abchukuk.com\/index.php\/wp-json\/wp\/v2\/posts\/2910","targetHints":{"allow":["GET"]}}],"collection":[{"href":"https:\/\/www.abchukuk.com\/index.php\/wp-json\/wp\/v2\/posts"}],"about":[{"href":"https:\/\/www.abchukuk.com\/index.php\/wp-json\/wp\/v2\/types\/post"}],"author":[{"embeddable":true,"href":"https:\/\/www.abchukuk.com\/index.php\/wp-json\/wp\/v2\/users\/1"}],"replies":[{"embeddable":true,"href":"https:\/\/www.abchukuk.com\/index.php\/wp-json\/wp\/v2\/comments?post=2910"}],"version-history":[{"count":0,"href":"https:\/\/www.abchukuk.com\/index.php\/wp-json\/wp\/v2\/posts\/2910\/revisions"}],"wp:featuredmedia":[{"embeddable":true,"href":"https:\/\/www.abchukuk.com\/index.php\/wp-json\/wp\/v2\/media\/2911"}],"wp:attachment":[{"href":"https:\/\/www.abchukuk.com\/index.php\/wp-json\/wp\/v2\/media?parent=2910"}],"wp:term":[{"taxonomy":"category","embeddable":true,"href":"https:\/\/www.abchukuk.com\/index.php\/wp-json\/wp\/v2\/categories?post=2910"},{"taxonomy":"post_tag","embeddable":true,"href":"https:\/\/www.abchukuk.com\/index.php\/wp-json\/wp\/v2\/tags?post=2910"}],"curies":[{"name":"wp","href":"https:\/\/api.w.org\/{rel}","templated":true}]}}