{"id":2908,"date":"2025-08-31T13:16:11","date_gmt":"2025-08-31T13:16:11","guid":{"rendered":"http:\/\/www.lopsssdoner.com\/index.php\/2025\/08\/31\/parkta-oynayan-cocuklari-yerden-yere-vuran-zanli-adli-kontrol-sartiyla-serbest-kaldi\/"},"modified":"2025-08-31T13:16:11","modified_gmt":"2025-08-31T13:16:11","slug":"parkta-oynayan-cocuklari-yerden-yere-vuran-zanli-adli-kontrol-sartiyla-serbest-kaldi","status":"publish","type":"post","link":"https:\/\/www.abchukuk.com\/index.php\/2025\/08\/31\/parkta-oynayan-cocuklari-yerden-yere-vuran-zanli-adli-kontrol-sartiyla-serbest-kaldi\/","title":{"rendered":"Parkta oynayan \u00e7ocuklar\u0131 yerden yere vuran zanl\u0131 adli kontrol \u015fart\u0131yla serbest kald\u0131"},"content":{"rendered":"<p>Bursa&#8217;n\u0131n Y\u0131ld\u0131r\u0131m il\u00e7esinde bir parkta 2 \u00e7ocu\u011fu darbeden \u015f\u00fcpheli d\u00fcn g\u00f6zalt\u0131na al\u0131nm\u0131\u015ft\u0131. Adliyeye sevk edilen zanl\u0131, adli kontrol \u015fart\u0131yla serbest b\u0131rak\u0131ld\u0131.Bursa&#8217;n\u0131n Y\u0131ld\u0131r\u0131m il\u00e7esinde bir parkta 2 \u00e7ocu\u011fu darbeden \u015f\u00fcpheli d\u00fcn g\u00f6zalt\u0131na al\u0131nm\u0131\u015ft\u0131. Adliyeye sevk edilen zanl\u0131, adli kontrol \u015fart\u0131yla serbest b\u0131rak\u0131ld\u0131.\u00a0<a href=\"https:\/\/anlatilaninotesi.com.tr\/20250831\/parkta-oynayan-cocuklari-yerden-yere-vuran-zanli-adli-kontrol-sartiyla-serbest-kaldi-1098960671.html\" target=\"_blank\" class=\"feedzy-rss-link-icon\">Read More<\/a><\/p>","protected":false},"excerpt":{"rendered":"<p>Bursa&#8217;n\u0131n Y\u0131ld\u0131r\u0131m il\u00e7esinde bir parkta 2 \u00e7ocu\u011fu darbeden \u015f\u00fcpheli d\u00fcn g\u00f6zalt\u0131na al\u0131nm\u0131\u015ft\u0131. Adliyeye sevk edilen zanl\u0131, adli kontrol \u015fart\u0131yla serbest b\u0131rak\u0131ld\u0131.Bursa&#8217;n\u0131n Y\u0131ld\u0131r\u0131m il\u00e7esinde bir parkta 2 \u00e7ocu\u011fu darbeden \u015f\u00fcpheli d\u00fcn g\u00f6zalt\u0131na al\u0131nm\u0131\u015ft\u0131. Adliyeye sevk edilen zanl\u0131, adli kontrol \u015fart\u0131yla serbest b\u0131rak\u0131ld\u0131.\u00a0Read More<\/p>\n","protected":false},"author":1,"featured_media":0,"comment_status":"open","ping_status":"open","sticky":false,"template":"","format":"standard","meta":{"footnotes":"","_links_to":"","_links_to_target":""},"categories":[1],"tags":[],"class_list":["post-2908","post","type-post","status-publish","format-standard","hentry","category-haberler"],"_links":{"self":[{"href":"https:\/\/www.abchukuk.com\/index.php\/wp-json\/wp\/v2\/posts\/2908","targetHints":{"allow":["GET"]}}],"collection":[{"href":"https:\/\/www.abchukuk.com\/index.php\/wp-json\/wp\/v2\/posts"}],"about":[{"href":"https:\/\/www.abchukuk.com\/index.php\/wp-json\/wp\/v2\/types\/post"}],"author":[{"embeddable":true,"href":"https:\/\/www.abchukuk.com\/index.php\/wp-json\/wp\/v2\/users\/1"}],"replies":[{"embeddable":true,"href":"https:\/\/www.abchukuk.com\/index.php\/wp-json\/wp\/v2\/comments?post=2908"}],"version-history":[{"count":0,"href":"https:\/\/www.abchukuk.com\/index.php\/wp-json\/wp\/v2\/posts\/2908\/revisions"}],"wp:attachment":[{"href":"https:\/\/www.abchukuk.com\/index.php\/wp-json\/wp\/v2\/media?parent=2908"}],"wp:term":[{"taxonomy":"category","embeddable":true,"href":"https:\/\/www.abchukuk.com\/index.php\/wp-json\/wp\/v2\/categories?post=2908"},{"taxonomy":"post_tag","embeddable":true,"href":"https:\/\/www.abchukuk.com\/index.php\/wp-json\/wp\/v2\/tags?post=2908"}],"curies":[{"name":"wp","href":"https:\/\/api.w.org\/{rel}","templated":true}]}}