{"id":2905,"date":"2025-08-31T13:46:26","date_gmt":"2025-08-31T13:46:26","guid":{"rendered":"http:\/\/www.lopsssdoner.com\/index.php\/2025\/08\/31\/hsk-1-daire-baskani-turan-kuloglundan-yeni-adli-yil-mesaji\/"},"modified":"2025-08-31T13:46:26","modified_gmt":"2025-08-31T13:46:26","slug":"hsk-1-daire-baskani-turan-kuloglundan-yeni-adli-yil-mesaji","status":"publish","type":"post","link":"https:\/\/www.abchukuk.com\/index.php\/2025\/08\/31\/hsk-1-daire-baskani-turan-kuloglundan-yeni-adli-yil-mesaji\/","title":{"rendered":"HSK 1. Daire Ba\u015fkan\u0131 Turan Kulo\u011flu\u2019ndan yeni adli y\u0131l mesaj\u0131"},"content":{"rendered":"<p>HSK 1. Daire Ba\u015fkan\u0131 Turan Kulo\u011flu, yeni adli y\u0131l a\u00e7\u0131l\u0131\u015f\u0131na ili\u015fkin mesaj yay\u0131mlad\u0131.<\/p>\n<p>Adalet Bakan\u0131 ve HSK Ba\u015fkan\u0131 Y\u0131lmaz Tun\u00e7\u2019un tespit ve tensipleriyle yarg\u0131da yeni bir d\u00f6nemin kap\u0131lar\u0131n\u0131 arad\u0131klar\u0131n\u0131 ifade eden Kulo\u011flu, yay\u0131mlam\u0131\u015f oldu\u011fu mesajda, H\u00e2kim adaylar\u0131n\u0131n kura \u00f6ncesinde hukuk \/ ceza ayr\u0131m\u0131n\u0131n talepler ve ihtiya\u00e7lar do\u011frultusunda yapmalar\u0131n\u0131n sa\u011flanaca\u011f\u0131n\u0131, Kura ve Yetki Kararnamesi tek ad\u0131mda birle\u015ftirilerek daha planl\u0131 ve h\u0131zl\u0131 bir sistem olu\u015fturulaca\u011f\u0131n\u0131 ve Genel ve mazeret kararnamelerinde atama ve yetki i\u015flemlerinin de ayn\u0131 anda ger\u00e7ekle\u015ftirilece\u011fini ifade etti.<\/p>\n<p>HEDEF: DAHA VER\u0130ML\u0130 VE G\u00dcVEN\u0130L\u0130R B\u0130R YARGI<\/p>\n<p>Bu d\u00fczenlemelerle hakimlerin g\u00f6rev planlamalar\u0131n\u0131n daha etkin yap\u0131laca\u011f\u0131n\u0131, meslekta\u015flar\u0131n memnuniyetinin artaca\u011f\u0131n\u0131 ve davalar\u0131n gereksiz yere uzamas\u0131n\u0131n \u00f6nlenece\u011fini dile getiren Kulo\u011flu, Geciken adalet, adalet de\u011fildir\u201d anlay\u0131\u015f\u0131n\u0131n merkeze al\u0131nd\u0131\u011f\u0131n\u0131 belirterek, \u201cHSK olarak hedefimiz nettir: adaletin daha h\u0131zl\u0131, daha etkin ve herkes i\u00e7in eri\u015filebilir hale gelmesi\u201d dedi.<\/p>\n<p>YEN\u0130 ADIMLAR ATILMAYA DEVAM EDECEK<br \/>\nYeni adli y\u0131l\u0131n meslekta\u015flara, yarg\u0131 camias\u0131na, \u00fclkemize ve aziz milletimize hay\u0131rl\u0131 olmas\u0131n\u0131 dileyen Kulo\u011flu ayr\u0131ca, yap\u0131lan d\u00fczenlemelerin bir ba\u015flang\u0131\u00e7 oldu\u011funu, \u00f6n\u00fcm\u00fczdeki s\u00fcre\u00e7te yeni ad\u0131mlar\u0131n at\u0131lmaya devam edece\u011fini ve yarg\u0131 sisteminin s\u00fcrekli geli\u015fim ve d\u00f6n\u00fc\u015f\u00fcm i\u00e7erisinde olaca\u011f\u0131n\u0131 belirtti.<\/p>\n<p>Hakimler ve Savc\u0131lar Kurulu (HSK) 1. Daire Ba\u015fkan\u0131 Turan Kulo\u011flu, yeni adli y\u0131l a\u00e7\u0131l\u0131\u015f\u0131na ili\u015fkin yay\u0131mlad\u0131\u011f\u0131 mesajda yarg\u0131 alan\u0131nda hayata ge\u00e7irilen \u00f6nemli yenilikleri duyurdu. Kulo\u011flu, mesaj\u0131nda \u201cGeciken adalet, adalet de\u011fildir\u201d anlay\u0131\u015f\u0131n\u0131n merkeze al\u0131nd\u0131\u011f\u0131n\u0131 belirterek, vatanda\u015flar\u0131n adalete daha h\u0131zl\u0131 eri\u015fmesi i\u00e7in kapsaml\u0131 d\u00fczenlemeler yap\u0131ld\u0131\u011f\u0131n\u0131 vurgulad\u0131.\u00a0<a href=\"https:\/\/www.son.tv\/hsk-1-daire-baskani-turan-kuloglundan-yeni-adli-yil-mesaji\/\" target=\"_blank\" class=\"feedzy-rss-link-icon\">Read More<\/a><\/p>","protected":false},"excerpt":{"rendered":"<p>HSK 1. Daire Ba\u015fkan\u0131 Turan Kulo\u011flu, yeni adli y\u0131l a\u00e7\u0131l\u0131\u015f\u0131na ili\u015fkin mesaj yay\u0131mlad\u0131. Adalet Bakan\u0131 ve HSK Ba\u015fkan\u0131 Y\u0131lmaz Tun\u00e7\u2019un tespit ve tensipleriyle yarg\u0131da yeni bir d\u00f6nemin kap\u0131lar\u0131n\u0131 arad\u0131klar\u0131n\u0131 ifade eden Kulo\u011flu, yay\u0131mlam\u0131\u015f oldu\u011fu mesajda, H\u00e2kim adaylar\u0131n\u0131n kura \u00f6ncesinde hukuk \/ ceza ayr\u0131m\u0131n\u0131n talepler ve ihtiya\u00e7lar do\u011frultusunda yapmalar\u0131n\u0131n sa\u011flanaca\u011f\u0131n\u0131, Kura ve Yetki Kararnamesi tek ad\u0131mda [&hellip;]<\/p>\n","protected":false},"author":1,"featured_media":0,"comment_status":"open","ping_status":"open","sticky":false,"template":"","format":"standard","meta":{"footnotes":"","_links_to":"","_links_to_target":""},"categories":[1],"tags":[],"class_list":["post-2905","post","type-post","status-publish","format-standard","hentry","category-haberler"],"_links":{"self":[{"href":"https:\/\/www.abchukuk.com\/index.php\/wp-json\/wp\/v2\/posts\/2905","targetHints":{"allow":["GET"]}}],"collection":[{"href":"https:\/\/www.abchukuk.com\/index.php\/wp-json\/wp\/v2\/posts"}],"about":[{"href":"https:\/\/www.abchukuk.com\/index.php\/wp-json\/wp\/v2\/types\/post"}],"author":[{"embeddable":true,"href":"https:\/\/www.abchukuk.com\/index.php\/wp-json\/wp\/v2\/users\/1"}],"replies":[{"embeddable":true,"href":"https:\/\/www.abchukuk.com\/index.php\/wp-json\/wp\/v2\/comments?post=2905"}],"version-history":[{"count":0,"href":"https:\/\/www.abchukuk.com\/index.php\/wp-json\/wp\/v2\/posts\/2905\/revisions"}],"wp:attachment":[{"href":"https:\/\/www.abchukuk.com\/index.php\/wp-json\/wp\/v2\/media?parent=2905"}],"wp:term":[{"taxonomy":"category","embeddable":true,"href":"https:\/\/www.abchukuk.com\/index.php\/wp-json\/wp\/v2\/categories?post=2905"},{"taxonomy":"post_tag","embeddable":true,"href":"https:\/\/www.abchukuk.com\/index.php\/wp-json\/wp\/v2\/tags?post=2905"}],"curies":[{"name":"wp","href":"https:\/\/api.w.org\/{rel}","templated":true}]}}