{"id":2903,"date":"2025-08-31T13:56:00","date_gmt":"2025-08-31T13:56:00","guid":{"rendered":"http:\/\/www.lopsssdoner.com\/index.php\/2025\/08\/31\/akpli-cumhurbaskani-erdogana-hakaret-iddiasi-ile-bir-kisiye-gozalti\/"},"modified":"2025-08-31T13:56:00","modified_gmt":"2025-08-31T13:56:00","slug":"akpli-cumhurbaskani-erdogana-hakaret-iddiasi-ile-bir-kisiye-gozalti","status":"publish","type":"post","link":"https:\/\/www.abchukuk.com\/index.php\/2025\/08\/31\/akpli-cumhurbaskani-erdogana-hakaret-iddiasi-ile-bir-kisiye-gozalti\/","title":{"rendered":"AKP&#8217;li Cumhurba\u015fkan\u0131 Erdo\u011fan&#8217;a hakaret iddias\u0131 ile bir ki\u015fiye g\u00f6zalt\u0131"},"content":{"rendered":"<p>Emniyet Genel M\u00fcd\u00fcrl\u00fc\u011f\u00fc (EGM), AKP&#8217;li Cumhurba\u015fkan\u0131 Recep Tayyip Erdo\u011fan&#8217;a y\u00f6nelik hakaret i\u00e7erikli payla\u015f\u0131m yapt\u0131\u011f\u0131 iddias\u0131 ile bir ki\u015finin g\u00f6zalt\u0131na al\u0131nd\u0131\u011f\u0131n\u0131 duyurdu.Emniyet Genel M\u00fcd\u00fcrl\u00fc\u011f\u00fc (EGM), AKP&#8217;li Cumhurba\u015fkan\u0131 Recep Tayyip Erdo\u011fan&#8217;a y\u00f6nelik hakaret i\u00e7erikli payla\u015f\u0131m yapt\u0131\u011f\u0131 iddias\u0131 ile bir ki\u015finin g\u00f6zalt\u0131na al\u0131nd\u0131\u011f\u0131n\u0131 duyurdu.\u00a0<a href=\"https:\/\/www.cumhuriyet.com.tr\/turkiye\/akp-li-cumhurbaskani-erdogan-a-hakaret-iddiasi-ile-bir-kisiye-gozalti-2431012\" target=\"_blank\" class=\"feedzy-rss-link-icon\">Read More<\/a><\/p>","protected":false},"excerpt":{"rendered":"<p>Emniyet Genel M\u00fcd\u00fcrl\u00fc\u011f\u00fc (EGM), AKP&#8217;li Cumhurba\u015fkan\u0131 Recep Tayyip Erdo\u011fan&#8217;a y\u00f6nelik hakaret i\u00e7erikli payla\u015f\u0131m yapt\u0131\u011f\u0131 iddias\u0131 ile bir ki\u015finin g\u00f6zalt\u0131na al\u0131nd\u0131\u011f\u0131n\u0131 duyurdu.Emniyet Genel M\u00fcd\u00fcrl\u00fc\u011f\u00fc (EGM), AKP&#8217;li Cumhurba\u015fkan\u0131 Recep Tayyip Erdo\u011fan&#8217;a y\u00f6nelik hakaret i\u00e7erikli payla\u015f\u0131m yapt\u0131\u011f\u0131 iddias\u0131 ile bir ki\u015finin g\u00f6zalt\u0131na al\u0131nd\u0131\u011f\u0131n\u0131 duyurdu.\u00a0Read More<\/p>\n","protected":false},"author":1,"featured_media":2904,"comment_status":"open","ping_status":"open","sticky":false,"template":"","format":"standard","meta":{"footnotes":"","_links_to":"","_links_to_target":""},"categories":[1],"tags":[],"class_list":["post-2903","post","type-post","status-publish","format-standard","has-post-thumbnail","hentry","category-haberler"],"_links":{"self":[{"href":"https:\/\/www.abchukuk.com\/index.php\/wp-json\/wp\/v2\/posts\/2903","targetHints":{"allow":["GET"]}}],"collection":[{"href":"https:\/\/www.abchukuk.com\/index.php\/wp-json\/wp\/v2\/posts"}],"about":[{"href":"https:\/\/www.abchukuk.com\/index.php\/wp-json\/wp\/v2\/types\/post"}],"author":[{"embeddable":true,"href":"https:\/\/www.abchukuk.com\/index.php\/wp-json\/wp\/v2\/users\/1"}],"replies":[{"embeddable":true,"href":"https:\/\/www.abchukuk.com\/index.php\/wp-json\/wp\/v2\/comments?post=2903"}],"version-history":[{"count":0,"href":"https:\/\/www.abchukuk.com\/index.php\/wp-json\/wp\/v2\/posts\/2903\/revisions"}],"wp:featuredmedia":[{"embeddable":true,"href":"https:\/\/www.abchukuk.com\/index.php\/wp-json\/wp\/v2\/media\/2904"}],"wp:attachment":[{"href":"https:\/\/www.abchukuk.com\/index.php\/wp-json\/wp\/v2\/media?parent=2903"}],"wp:term":[{"taxonomy":"category","embeddable":true,"href":"https:\/\/www.abchukuk.com\/index.php\/wp-json\/wp\/v2\/categories?post=2903"},{"taxonomy":"post_tag","embeddable":true,"href":"https:\/\/www.abchukuk.com\/index.php\/wp-json\/wp\/v2\/tags?post=2903"}],"curies":[{"name":"wp","href":"https:\/\/api.w.org\/{rel}","templated":true}]}}