{"id":2891,"date":"2025-08-31T12:40:14","date_gmt":"2025-08-31T12:40:14","guid":{"rendered":"http:\/\/www.lopsssdoner.com\/index.php\/2025\/08\/31\/gaziantepte-bulbulzade-parkinda-silahli-kavga-1-olu-7-gozalti\/"},"modified":"2025-08-31T12:40:14","modified_gmt":"2025-08-31T12:40:14","slug":"gaziantepte-bulbulzade-parkinda-silahli-kavga-1-olu-7-gozalti","status":"publish","type":"post","link":"https:\/\/www.abchukuk.com\/index.php\/2025\/08\/31\/gaziantepte-bulbulzade-parkinda-silahli-kavga-1-olu-7-gozalti\/","title":{"rendered":"Gaziantep\u2019te B\u00fclb\u00fclzade Park\u0131\u2019nda Silahl\u0131 Kavga: 1 \u00d6l\u00fc, 7 G\u00f6zalt\u0131"},"content":{"rendered":"<p><a href=\"https:\/\/www.gercekgundem.com\/yurttan-haberler\/gaziantepte-bulbulzade-parkinda-silahli-kavga-1-olu-7-gozalti-553431\"><br \/>\n                                                            <img decoding=\"async\" src=\"https:\/\/i.gercekgundem.com\/2\/150\/84\/storage\/files\/images\/2025\/08\/31\/gaziantepte-bulbulzade-parkinda-silahli-kavga-1-olu-7-gozalti-dtnq.jpg\" width=\"150\" height=\"84\" border=\"0\" align=\"right\" \/><br \/>\n                                                    <\/a><\/p>\n<h4>Gaziantep\u2019in \u015eahinbey il\u00e7esinde B\u00fclb\u00fclzade Park\u0131\u2019nda iki grup aras\u0131nda \u00e7\u0131kan silahl\u0131 kavgada 19 ya\u015f\u0131ndaki Mehmet Akdeniz hayat\u0131n\u0131 kaybetti. Olayla ilgili 7 \u015f\u00fcpheli, su\u00e7 aleti tabancalarla birlikte g\u00f6zalt\u0131na al\u0131nd\u0131.<\/h4>\n<p>Gaziantep\u2019in \u015eahinbey il\u00e7esinde B\u00fclb\u00fclzade Park\u0131\u2019nda iki grup aras\u0131nda \u00e7\u0131kan silahl\u0131 kavgada 19 ya\u015f\u0131ndaki Mehmet Akdeniz hayat\u0131n\u0131 kaybetti. Olayla ilgili 7 \u015f\u00fcpheli, su\u00e7 aleti tabancalarla birlikte g\u00f6zalt\u0131na al\u0131nd\u0131.\u00a0<a href=\"https:\/\/www.gercekgundem.com\/yurttan-haberler\/gaziantepte-bulbulzade-parkinda-silahli-kavga-1-olu-7-gozalti-553431\" target=\"_blank\" class=\"feedzy-rss-link-icon\">Read More<\/a><\/p>","protected":false},"excerpt":{"rendered":"<p>Gaziantep\u2019in \u015eahinbey il\u00e7esinde B\u00fclb\u00fclzade Park\u0131\u2019nda iki grup aras\u0131nda \u00e7\u0131kan silahl\u0131 kavgada 19 ya\u015f\u0131ndaki Mehmet Akdeniz hayat\u0131n\u0131 kaybetti. Olayla ilgili 7 \u015f\u00fcpheli, su\u00e7 aleti tabancalarla birlikte g\u00f6zalt\u0131na al\u0131nd\u0131. Gaziantep\u2019in \u015eahinbey il\u00e7esinde B\u00fclb\u00fclzade Park\u0131\u2019nda iki grup aras\u0131nda \u00e7\u0131kan silahl\u0131 kavgada 19 ya\u015f\u0131ndaki Mehmet Akdeniz hayat\u0131n\u0131 kaybetti. Olayla ilgili 7 \u015f\u00fcpheli, su\u00e7 aleti tabancalarla birlikte g\u00f6zalt\u0131na al\u0131nd\u0131.\u00a0Read More<\/p>\n","protected":false},"author":1,"featured_media":2892,"comment_status":"open","ping_status":"open","sticky":false,"template":"","format":"standard","meta":{"footnotes":"","_links_to":"","_links_to_target":""},"categories":[1],"tags":[],"class_list":["post-2891","post","type-post","status-publish","format-standard","has-post-thumbnail","hentry","category-haberler"],"_links":{"self":[{"href":"https:\/\/www.abchukuk.com\/index.php\/wp-json\/wp\/v2\/posts\/2891","targetHints":{"allow":["GET"]}}],"collection":[{"href":"https:\/\/www.abchukuk.com\/index.php\/wp-json\/wp\/v2\/posts"}],"about":[{"href":"https:\/\/www.abchukuk.com\/index.php\/wp-json\/wp\/v2\/types\/post"}],"author":[{"embeddable":true,"href":"https:\/\/www.abchukuk.com\/index.php\/wp-json\/wp\/v2\/users\/1"}],"replies":[{"embeddable":true,"href":"https:\/\/www.abchukuk.com\/index.php\/wp-json\/wp\/v2\/comments?post=2891"}],"version-history":[{"count":0,"href":"https:\/\/www.abchukuk.com\/index.php\/wp-json\/wp\/v2\/posts\/2891\/revisions"}],"wp:featuredmedia":[{"embeddable":true,"href":"https:\/\/www.abchukuk.com\/index.php\/wp-json\/wp\/v2\/media\/2892"}],"wp:attachment":[{"href":"https:\/\/www.abchukuk.com\/index.php\/wp-json\/wp\/v2\/media?parent=2891"}],"wp:term":[{"taxonomy":"category","embeddable":true,"href":"https:\/\/www.abchukuk.com\/index.php\/wp-json\/wp\/v2\/categories?post=2891"},{"taxonomy":"post_tag","embeddable":true,"href":"https:\/\/www.abchukuk.com\/index.php\/wp-json\/wp\/v2\/tags?post=2891"}],"curies":[{"name":"wp","href":"https:\/\/api.w.org\/{rel}","templated":true}]}}