{"id":2889,"date":"2025-08-31T08:01:00","date_gmt":"2025-08-31T08:01:00","guid":{"rendered":"http:\/\/www.lopsssdoner.com\/index.php\/2025\/08\/31\/tutuklu-beylikduzu-belediye-baskani-caliktan-30-agustos-mektubu-saglik-sorunlarim-ne-olursa-olsun-inancimi-ve-size-olan-bagliligimi-asla-kaybetmeyecegim\/"},"modified":"2025-08-31T08:01:00","modified_gmt":"2025-08-31T08:01:00","slug":"tutuklu-beylikduzu-belediye-baskani-caliktan-30-agustos-mektubu-saglik-sorunlarim-ne-olursa-olsun-inancimi-ve-size-olan-bagliligimi-asla-kaybetmeyecegim","status":"publish","type":"post","link":"https:\/\/www.abchukuk.com\/index.php\/2025\/08\/31\/tutuklu-beylikduzu-belediye-baskani-caliktan-30-agustos-mektubu-saglik-sorunlarim-ne-olursa-olsun-inancimi-ve-size-olan-bagliligimi-asla-kaybetmeyecegim\/","title":{"rendered":"Tutuklu Beylikd\u00fcz\u00fc Belediye Ba\u015fkan\u0131 \u00c7al\u0131k&#8217;tan 30 A\u011fustos mektubu: &#8216;Sa\u011fl\u0131k sorunlar\u0131m ne olursa olsun, inanc\u0131m\u0131 ve size olan ba\u011fl\u0131l\u0131\u011f\u0131m\u0131 asla kaybetmeyece\u011fim&#8217;"},"content":{"rendered":"<p>Tutuklu Belediye Ba\u015fkan\u0131 Mehmet Murat \u00c7al\u0131k\u2019\u0131n 30 A\u011fustos\u2019a ili\u015fkin \u0130zmir Buca Cezaevi\u2019nde kaleme ald\u0131\u011f\u0131 mektubu ise e\u015fi Zehra \u00c7al\u0131k, Ya\u015fam Vadisi\u2019ndeki 6 May\u0131s Gen\u00e7li\u011fimiz Var Sahnesi\u2019nde okudu.Tutuklu Belediye Ba\u015fkan\u0131 Mehmet Murat \u00c7al\u0131k\u2019\u0131n 30 A\u011fustos\u2019a ili\u015fkin \u0130zmir Buca Cezaevi\u2019nde kaleme ald\u0131\u011f\u0131 mektubu ise e\u015fi Zehra \u00c7al\u0131k, Ya\u015fam Vadisi\u2019ndeki 6 May\u0131s Gen\u00e7li\u011fimiz Var Sahnesi\u2019nde okudu.\u00a0<a href=\"https:\/\/www.cumhuriyet.com.tr\/turkiye\/tutuklu-beylikduzu-belediye-baskani-calik-tan-30-agustos-mektubu-saglik-sorunlarim-ne-olursa-olsun-inancimi-ve-size-olan-bagliligimi-asla-kaybetmeyecegim-2430912\" target=\"_blank\" class=\"feedzy-rss-link-icon\">Read More<\/a><\/p>","protected":false},"excerpt":{"rendered":"<p>Tutuklu Belediye Ba\u015fkan\u0131 Mehmet Murat \u00c7al\u0131k\u2019\u0131n 30 A\u011fustos\u2019a ili\u015fkin \u0130zmir Buca Cezaevi\u2019nde kaleme ald\u0131\u011f\u0131 mektubu ise e\u015fi Zehra \u00c7al\u0131k, Ya\u015fam Vadisi\u2019ndeki 6 May\u0131s Gen\u00e7li\u011fimiz Var Sahnesi\u2019nde okudu.Tutuklu Belediye Ba\u015fkan\u0131 Mehmet Murat \u00c7al\u0131k\u2019\u0131n 30 A\u011fustos\u2019a ili\u015fkin \u0130zmir Buca Cezaevi\u2019nde kaleme ald\u0131\u011f\u0131 mektubu ise e\u015fi Zehra \u00c7al\u0131k, Ya\u015fam Vadisi\u2019ndeki 6 May\u0131s Gen\u00e7li\u011fimiz Var Sahnesi\u2019nde okudu.\u00a0Read More<\/p>\n","protected":false},"author":1,"featured_media":2890,"comment_status":"open","ping_status":"open","sticky":false,"template":"","format":"standard","meta":{"footnotes":"","_links_to":"","_links_to_target":""},"categories":[1],"tags":[],"class_list":["post-2889","post","type-post","status-publish","format-standard","has-post-thumbnail","hentry","category-haberler"],"_links":{"self":[{"href":"https:\/\/www.abchukuk.com\/index.php\/wp-json\/wp\/v2\/posts\/2889","targetHints":{"allow":["GET"]}}],"collection":[{"href":"https:\/\/www.abchukuk.com\/index.php\/wp-json\/wp\/v2\/posts"}],"about":[{"href":"https:\/\/www.abchukuk.com\/index.php\/wp-json\/wp\/v2\/types\/post"}],"author":[{"embeddable":true,"href":"https:\/\/www.abchukuk.com\/index.php\/wp-json\/wp\/v2\/users\/1"}],"replies":[{"embeddable":true,"href":"https:\/\/www.abchukuk.com\/index.php\/wp-json\/wp\/v2\/comments?post=2889"}],"version-history":[{"count":0,"href":"https:\/\/www.abchukuk.com\/index.php\/wp-json\/wp\/v2\/posts\/2889\/revisions"}],"wp:featuredmedia":[{"embeddable":true,"href":"https:\/\/www.abchukuk.com\/index.php\/wp-json\/wp\/v2\/media\/2890"}],"wp:attachment":[{"href":"https:\/\/www.abchukuk.com\/index.php\/wp-json\/wp\/v2\/media?parent=2889"}],"wp:term":[{"taxonomy":"category","embeddable":true,"href":"https:\/\/www.abchukuk.com\/index.php\/wp-json\/wp\/v2\/categories?post=2889"},{"taxonomy":"post_tag","embeddable":true,"href":"https:\/\/www.abchukuk.com\/index.php\/wp-json\/wp\/v2\/tags?post=2889"}],"curies":[{"name":"wp","href":"https:\/\/api.w.org\/{rel}","templated":true}]}}