{"id":2887,"date":"2025-08-31T08:44:00","date_gmt":"2025-08-31T08:44:00","guid":{"rendered":"http:\/\/www.lopsssdoner.com\/index.php\/2025\/08\/31\/son-dakika-ekrem-imamoglu-bu-mahkeme-eninde-sonunda-kurulacak-kumpaslar-ortaya-cikacak\/"},"modified":"2025-08-31T08:44:00","modified_gmt":"2025-08-31T08:44:00","slug":"son-dakika-ekrem-imamoglu-bu-mahkeme-eninde-sonunda-kurulacak-kumpaslar-ortaya-cikacak","status":"publish","type":"post","link":"https:\/\/www.abchukuk.com\/index.php\/2025\/08\/31\/son-dakika-ekrem-imamoglu-bu-mahkeme-eninde-sonunda-kurulacak-kumpaslar-ortaya-cikacak\/","title":{"rendered":"Son Dakika&#8230; Ekrem \u0130mamo\u011flu: Bu mahkeme eninde sonunda kurulacak, kumpaslar ortaya \u00e7\u0131kacak"},"content":{"rendered":"<p>Son dakika haberi&#8230; CHP&#8217;nin Silivri&#8217;de tutuklu bulunan Cumhurba\u015fkan\u0131 aday\u0131 Ekrem \u0130mamo\u011flu, yapt\u0131\u011f\u0131 a\u00e7\u0131klamada, &#8220;Bu mahkeme eninde sonunda kurulacak. Kumpaslar ortaya \u00e7\u0131kacak. Millet ger\u00e7e\u011fi g\u00f6recek. Bu s\u00fcre\u00e7te su\u00e7 i\u015fleyenler, er ya da ge\u00e7 adil mahkemeler \u00f6n\u00fcnde hesap verecek&#8221; ifadelerini kulland\u0131.Son dakika haberi&#8230; CHP&#8217;nin Silivri&#8217;de tutuklu bulunan Cumhurba\u015fkan\u0131 aday\u0131 Ekrem \u0130mamo\u011flu, yapt\u0131\u011f\u0131 a\u00e7\u0131klamada, &#8220;Bu mahkeme eninde sonunda kurulacak. Kumpaslar ortaya \u00e7\u0131kacak. Millet ger\u00e7e\u011fi g\u00f6recek. Bu s\u00fcre\u00e7te su\u00e7 i\u015fleyenler, er ya da ge\u00e7 adil mahkemeler \u00f6n\u00fcnde hesap verecek&#8221; ifadelerini kulland\u0131.\u00a0<a href=\"https:\/\/www.cumhuriyet.com.tr\/turkiye\/son-dakika-ekrem-imamoglu-bu-mahkeme-eninde-sonunda-kurulacak-kumpaslar-ortaya-cikacak-2430924\" target=\"_blank\" class=\"feedzy-rss-link-icon\">Read More<\/a><\/p>","protected":false},"excerpt":{"rendered":"<p>Son dakika haberi&#8230; CHP&#8217;nin Silivri&#8217;de tutuklu bulunan Cumhurba\u015fkan\u0131 aday\u0131 Ekrem \u0130mamo\u011flu, yapt\u0131\u011f\u0131 a\u00e7\u0131klamada, &#8220;Bu mahkeme eninde sonunda kurulacak. Kumpaslar ortaya \u00e7\u0131kacak. Millet ger\u00e7e\u011fi g\u00f6recek. Bu s\u00fcre\u00e7te su\u00e7 i\u015fleyenler, er ya da ge\u00e7 adil mahkemeler \u00f6n\u00fcnde hesap verecek&#8221; ifadelerini kulland\u0131.Son dakika haberi&#8230; CHP&#8217;nin Silivri&#8217;de tutuklu bulunan Cumhurba\u015fkan\u0131 aday\u0131 Ekrem \u0130mamo\u011flu, yapt\u0131\u011f\u0131 a\u00e7\u0131klamada, &#8220;Bu mahkeme eninde sonunda [&hellip;]<\/p>\n","protected":false},"author":1,"featured_media":2888,"comment_status":"open","ping_status":"open","sticky":false,"template":"","format":"standard","meta":{"footnotes":"","_links_to":"","_links_to_target":""},"categories":[1],"tags":[],"class_list":["post-2887","post","type-post","status-publish","format-standard","has-post-thumbnail","hentry","category-haberler"],"_links":{"self":[{"href":"https:\/\/www.abchukuk.com\/index.php\/wp-json\/wp\/v2\/posts\/2887","targetHints":{"allow":["GET"]}}],"collection":[{"href":"https:\/\/www.abchukuk.com\/index.php\/wp-json\/wp\/v2\/posts"}],"about":[{"href":"https:\/\/www.abchukuk.com\/index.php\/wp-json\/wp\/v2\/types\/post"}],"author":[{"embeddable":true,"href":"https:\/\/www.abchukuk.com\/index.php\/wp-json\/wp\/v2\/users\/1"}],"replies":[{"embeddable":true,"href":"https:\/\/www.abchukuk.com\/index.php\/wp-json\/wp\/v2\/comments?post=2887"}],"version-history":[{"count":0,"href":"https:\/\/www.abchukuk.com\/index.php\/wp-json\/wp\/v2\/posts\/2887\/revisions"}],"wp:featuredmedia":[{"embeddable":true,"href":"https:\/\/www.abchukuk.com\/index.php\/wp-json\/wp\/v2\/media\/2888"}],"wp:attachment":[{"href":"https:\/\/www.abchukuk.com\/index.php\/wp-json\/wp\/v2\/media?parent=2887"}],"wp:term":[{"taxonomy":"category","embeddable":true,"href":"https:\/\/www.abchukuk.com\/index.php\/wp-json\/wp\/v2\/categories?post=2887"},{"taxonomy":"post_tag","embeddable":true,"href":"https:\/\/www.abchukuk.com\/index.php\/wp-json\/wp\/v2\/tags?post=2887"}],"curies":[{"name":"wp","href":"https:\/\/api.w.org\/{rel}","templated":true}]}}