{"id":2882,"date":"2025-08-30T11:37:02","date_gmt":"2025-08-30T11:37:02","guid":{"rendered":"http:\/\/www.lopsssdoner.com\/index.php\/2025\/08\/30\/celik-abdnin-mahmud-abbas-karari-adaletsiz\/"},"modified":"2025-08-30T11:37:02","modified_gmt":"2025-08-30T11:37:02","slug":"celik-abdnin-mahmud-abbas-karari-adaletsiz","status":"publish","type":"post","link":"https:\/\/www.abchukuk.com\/index.php\/2025\/08\/30\/celik-abdnin-mahmud-abbas-karari-adaletsiz\/","title":{"rendered":"\u00c7elik: ABD&#8217;nin Mahmud Abbas karar\u0131 adaletsiz"},"content":{"rendered":"<p>AK Parti S\u00f6zc\u00fcs\u00fc \u00d6mer \u00c7elik, BM Genel Kurulu&#8217;na kat\u0131lacak olan Filistin Devlet Ba\u015fkan\u0131 Mahmud Abbas\u2019\u0131n vizesinin Trump y\u00f6netimi taraf\u0131ndan iptal edilmesini, &#8220;Adaletsiz bir karar&#8221; diyerek ele\u015ftirdi.AK Parti S\u00f6zc\u00fcs\u00fc \u00d6mer \u00c7elik, BM Genel Kurulu&#8217;na kat\u0131lacak olan Filistin Devlet Ba\u015fkan\u0131 Mahmud Abbas\u2019\u0131n vizesinin Trump y\u00f6netimi taraf\u0131ndan iptal edilmesini, &#8220;Adaletsiz bir karar&#8221; diyerek ele\u015ftirdi.\u00a0<a href=\"https:\/\/www.haberturk.com\/ak-parti-sozcusu-celik-abd-nin-mahmud-abbas-karari-adaletsiz-3818695\" target=\"_blank\" class=\"feedzy-rss-link-icon\">Read More<\/a><\/p>","protected":false},"excerpt":{"rendered":"<p>AK Parti S\u00f6zc\u00fcs\u00fc \u00d6mer \u00c7elik, BM Genel Kurulu&#8217;na kat\u0131lacak olan Filistin Devlet Ba\u015fkan\u0131 Mahmud Abbas\u2019\u0131n vizesinin Trump y\u00f6netimi taraf\u0131ndan iptal edilmesini, &#8220;Adaletsiz bir karar&#8221; diyerek ele\u015ftirdi.AK Parti S\u00f6zc\u00fcs\u00fc \u00d6mer \u00c7elik, BM Genel Kurulu&#8217;na kat\u0131lacak olan Filistin Devlet Ba\u015fkan\u0131 Mahmud Abbas\u2019\u0131n vizesinin Trump y\u00f6netimi taraf\u0131ndan iptal edilmesini, &#8220;Adaletsiz bir karar&#8221; diyerek ele\u015ftirdi.\u00a0Read More<\/p>\n","protected":false},"author":1,"featured_media":0,"comment_status":"open","ping_status":"open","sticky":false,"template":"","format":"standard","meta":{"footnotes":"","_links_to":"","_links_to_target":""},"categories":[1],"tags":[],"class_list":["post-2882","post","type-post","status-publish","format-standard","hentry","category-haberler"],"_links":{"self":[{"href":"https:\/\/www.abchukuk.com\/index.php\/wp-json\/wp\/v2\/posts\/2882","targetHints":{"allow":["GET"]}}],"collection":[{"href":"https:\/\/www.abchukuk.com\/index.php\/wp-json\/wp\/v2\/posts"}],"about":[{"href":"https:\/\/www.abchukuk.com\/index.php\/wp-json\/wp\/v2\/types\/post"}],"author":[{"embeddable":true,"href":"https:\/\/www.abchukuk.com\/index.php\/wp-json\/wp\/v2\/users\/1"}],"replies":[{"embeddable":true,"href":"https:\/\/www.abchukuk.com\/index.php\/wp-json\/wp\/v2\/comments?post=2882"}],"version-history":[{"count":0,"href":"https:\/\/www.abchukuk.com\/index.php\/wp-json\/wp\/v2\/posts\/2882\/revisions"}],"wp:attachment":[{"href":"https:\/\/www.abchukuk.com\/index.php\/wp-json\/wp\/v2\/media?parent=2882"}],"wp:term":[{"taxonomy":"category","embeddable":true,"href":"https:\/\/www.abchukuk.com\/index.php\/wp-json\/wp\/v2\/categories?post=2882"},{"taxonomy":"post_tag","embeddable":true,"href":"https:\/\/www.abchukuk.com\/index.php\/wp-json\/wp\/v2\/tags?post=2882"}],"curies":[{"name":"wp","href":"https:\/\/api.w.org\/{rel}","templated":true}]}}