{"id":2879,"date":"2025-08-30T14:02:53","date_gmt":"2025-08-30T14:02:53","guid":{"rendered":"http:\/\/www.lopsssdoner.com\/index.php\/2025\/08\/30\/sanliurfa-birecikte-tir-kazasi-kavgaya-dondu-tir-surucusu-gozaltinda\/"},"modified":"2025-08-30T14:02:53","modified_gmt":"2025-08-30T14:02:53","slug":"sanliurfa-birecikte-tir-kazasi-kavgaya-dondu-tir-surucusu-gozaltinda","status":"publish","type":"post","link":"https:\/\/www.abchukuk.com\/index.php\/2025\/08\/30\/sanliurfa-birecikte-tir-kazasi-kavgaya-dondu-tir-surucusu-gozaltinda\/","title":{"rendered":"\u015eanl\u0131urfa Birecik\u2019te T\u0131r Kazas\u0131 Kavgaya D\u00f6nd\u00fc: T\u0131r S\u00fcr\u00fcc\u00fcs\u00fc G\u00f6zalt\u0131nda"},"content":{"rendered":"<p><a href=\"https:\/\/www.gercekgundem.com\/yurttan-haberler\/sanliurfa-birecikte-tir-kazasi-kavgaya-dondu-tir-surucusu-gozaltinda-553322\"><br \/>\n                                                            <img decoding=\"async\" src=\"https:\/\/i.gercekgundem.com\/2\/150\/84\/storage\/files\/images\/2025\/08\/30\/sanliurfa-birecikte-tir-kazasi-kavgaya-dondu-tir-surucusu-gozaltinda-sryp.jpg\" width=\"150\" height=\"84\" border=\"0\" align=\"right\" \/><br \/>\n                                                    <\/a><\/p>\n<h4>\u015eanl\u0131urfa\u2019n\u0131n Birecik il\u00e7esinde, d\u00f6n\u00fc\u015f yapan t\u0131r\u0131n park halindeki otomobile \u00e7arpmas\u0131 sonucu \u00e7\u0131kan tart\u0131\u015fma kavgaya d\u00f6n\u00fc\u015ft\u00fc. Polis, t\u0131r s\u00fcr\u00fcc\u00fcs\u00fcn\u00fc g\u00f6zalt\u0131na al\u0131rken, olayla ilgili soru\u015fturma ba\u015flat\u0131ld\u0131.<\/h4>\n<p>\u015eanl\u0131urfa\u2019n\u0131n Birecik il\u00e7esinde, d\u00f6n\u00fc\u015f yapan t\u0131r\u0131n park halindeki otomobile \u00e7arpmas\u0131 sonucu \u00e7\u0131kan tart\u0131\u015fma kavgaya d\u00f6n\u00fc\u015ft\u00fc. Polis, t\u0131r s\u00fcr\u00fcc\u00fcs\u00fcn\u00fc g\u00f6zalt\u0131na al\u0131rken, olayla ilgili soru\u015fturma ba\u015flat\u0131ld\u0131.\u00a0<a href=\"https:\/\/www.gercekgundem.com\/yurttan-haberler\/sanliurfa-birecikte-tir-kazasi-kavgaya-dondu-tir-surucusu-gozaltinda-553322\" target=\"_blank\" class=\"feedzy-rss-link-icon\">Read More<\/a><\/p>","protected":false},"excerpt":{"rendered":"<p>\u015eanl\u0131urfa\u2019n\u0131n Birecik il\u00e7esinde, d\u00f6n\u00fc\u015f yapan t\u0131r\u0131n park halindeki otomobile \u00e7arpmas\u0131 sonucu \u00e7\u0131kan tart\u0131\u015fma kavgaya d\u00f6n\u00fc\u015ft\u00fc. Polis, t\u0131r s\u00fcr\u00fcc\u00fcs\u00fcn\u00fc g\u00f6zalt\u0131na al\u0131rken, olayla ilgili soru\u015fturma ba\u015flat\u0131ld\u0131. \u015eanl\u0131urfa\u2019n\u0131n Birecik il\u00e7esinde, d\u00f6n\u00fc\u015f yapan t\u0131r\u0131n park halindeki otomobile \u00e7arpmas\u0131 sonucu \u00e7\u0131kan tart\u0131\u015fma kavgaya d\u00f6n\u00fc\u015ft\u00fc. Polis, t\u0131r s\u00fcr\u00fcc\u00fcs\u00fcn\u00fc g\u00f6zalt\u0131na al\u0131rken, olayla ilgili soru\u015fturma ba\u015flat\u0131ld\u0131.\u00a0Read More<\/p>\n","protected":false},"author":1,"featured_media":2880,"comment_status":"open","ping_status":"open","sticky":false,"template":"","format":"standard","meta":{"footnotes":"","_links_to":"","_links_to_target":""},"categories":[1],"tags":[],"class_list":["post-2879","post","type-post","status-publish","format-standard","has-post-thumbnail","hentry","category-haberler"],"_links":{"self":[{"href":"https:\/\/www.abchukuk.com\/index.php\/wp-json\/wp\/v2\/posts\/2879","targetHints":{"allow":["GET"]}}],"collection":[{"href":"https:\/\/www.abchukuk.com\/index.php\/wp-json\/wp\/v2\/posts"}],"about":[{"href":"https:\/\/www.abchukuk.com\/index.php\/wp-json\/wp\/v2\/types\/post"}],"author":[{"embeddable":true,"href":"https:\/\/www.abchukuk.com\/index.php\/wp-json\/wp\/v2\/users\/1"}],"replies":[{"embeddable":true,"href":"https:\/\/www.abchukuk.com\/index.php\/wp-json\/wp\/v2\/comments?post=2879"}],"version-history":[{"count":0,"href":"https:\/\/www.abchukuk.com\/index.php\/wp-json\/wp\/v2\/posts\/2879\/revisions"}],"wp:featuredmedia":[{"embeddable":true,"href":"https:\/\/www.abchukuk.com\/index.php\/wp-json\/wp\/v2\/media\/2880"}],"wp:attachment":[{"href":"https:\/\/www.abchukuk.com\/index.php\/wp-json\/wp\/v2\/media?parent=2879"}],"wp:term":[{"taxonomy":"category","embeddable":true,"href":"https:\/\/www.abchukuk.com\/index.php\/wp-json\/wp\/v2\/categories?post=2879"},{"taxonomy":"post_tag","embeddable":true,"href":"https:\/\/www.abchukuk.com\/index.php\/wp-json\/wp\/v2\/tags?post=2879"}],"curies":[{"name":"wp","href":"https:\/\/api.w.org\/{rel}","templated":true}]}}