{"id":2872,"date":"2025-08-31T01:00:00","date_gmt":"2025-08-31T01:00:00","guid":{"rendered":"http:\/\/www.lopsssdoner.com\/index.php\/2025\/08\/31\/sanik-m-c-once-tutuklandi-sonra-adli-kontrol-sartiyla-serbest-birakildi-10-yasinda-cocuga-istismar-iddiasi\/"},"modified":"2025-08-31T01:00:00","modified_gmt":"2025-08-31T01:00:00","slug":"sanik-m-c-once-tutuklandi-sonra-adli-kontrol-sartiyla-serbest-birakildi-10-yasinda-cocuga-istismar-iddiasi","status":"publish","type":"post","link":"https:\/\/www.abchukuk.com\/index.php\/2025\/08\/31\/sanik-m-c-once-tutuklandi-sonra-adli-kontrol-sartiyla-serbest-birakildi-10-yasinda-cocuga-istismar-iddiasi\/","title":{"rendered":"San\u0131k M.\u00c7. \u00f6nce tutukland\u0131 sonra adli kontrol \u015fart\u0131yla serbest b\u0131rak\u0131ld\u0131: 10 ya\u015f\u0131nda \u00e7ocu\u011fa istismar iddias\u0131"},"content":{"rendered":"<p>Bodrum\u2019da 10 ya\u015f\u0131ndaki \u00e7ocu\u011fun, 66 ya\u015f\u0131ndaki kom\u015fusu taraf\u0131ndan istismara u\u011frad\u0131\u011f\u0131 \u00f6ne s\u00fcr\u00fcld\u00fc. San\u0131k adli kontrol \u015fart\u0131yla serbest b\u0131rak\u0131l\u0131rken dava 25 Eyl\u00fcl\u2019de ba\u015flayacak. Aile ve \u00e7ocuk haklar\u0131 \u00f6rg\u00fctleri olay\u0131n takip\u00e7isi olacaklar\u0131n\u0131 a\u00e7\u0131klad\u0131.Bodrum\u2019da 10 ya\u015f\u0131ndaki \u00e7ocu\u011fun, 66 ya\u015f\u0131ndaki kom\u015fusu taraf\u0131ndan istismara u\u011frad\u0131\u011f\u0131 \u00f6ne s\u00fcr\u00fcld\u00fc. San\u0131k adli kontrol \u015fart\u0131yla serbest b\u0131rak\u0131l\u0131rken dava 25 Eyl\u00fcl\u2019de ba\u015flayacak. Aile ve \u00e7ocuk haklar\u0131 \u00f6rg\u00fctleri olay\u0131n takip\u00e7isi olacaklar\u0131n\u0131 a\u00e7\u0131klad\u0131.\u00a0<a href=\"https:\/\/www.cumhuriyet.com.tr\/turkiye\/sanik-m-c-once-tutuklandi-sonra-adli-kontrol-sartiyla-serbest-birakildi-10-yasinda-cocuga-istismar-iddiasi-2430867\" target=\"_blank\" class=\"feedzy-rss-link-icon\">Read More<\/a><\/p>","protected":false},"excerpt":{"rendered":"<p>Bodrum\u2019da 10 ya\u015f\u0131ndaki \u00e7ocu\u011fun, 66 ya\u015f\u0131ndaki kom\u015fusu taraf\u0131ndan istismara u\u011frad\u0131\u011f\u0131 \u00f6ne s\u00fcr\u00fcld\u00fc. San\u0131k adli kontrol \u015fart\u0131yla serbest b\u0131rak\u0131l\u0131rken dava 25 Eyl\u00fcl\u2019de ba\u015flayacak. Aile ve \u00e7ocuk haklar\u0131 \u00f6rg\u00fctleri olay\u0131n takip\u00e7isi olacaklar\u0131n\u0131 a\u00e7\u0131klad\u0131.Bodrum\u2019da 10 ya\u015f\u0131ndaki \u00e7ocu\u011fun, 66 ya\u015f\u0131ndaki kom\u015fusu taraf\u0131ndan istismara u\u011frad\u0131\u011f\u0131 \u00f6ne s\u00fcr\u00fcld\u00fc. San\u0131k adli kontrol \u015fart\u0131yla serbest b\u0131rak\u0131l\u0131rken dava 25 Eyl\u00fcl\u2019de ba\u015flayacak. Aile ve \u00e7ocuk [&hellip;]<\/p>\n","protected":false},"author":1,"featured_media":2873,"comment_status":"open","ping_status":"open","sticky":false,"template":"","format":"standard","meta":{"footnotes":"","_links_to":"","_links_to_target":""},"categories":[1],"tags":[],"class_list":["post-2872","post","type-post","status-publish","format-standard","has-post-thumbnail","hentry","category-haberler"],"_links":{"self":[{"href":"https:\/\/www.abchukuk.com\/index.php\/wp-json\/wp\/v2\/posts\/2872","targetHints":{"allow":["GET"]}}],"collection":[{"href":"https:\/\/www.abchukuk.com\/index.php\/wp-json\/wp\/v2\/posts"}],"about":[{"href":"https:\/\/www.abchukuk.com\/index.php\/wp-json\/wp\/v2\/types\/post"}],"author":[{"embeddable":true,"href":"https:\/\/www.abchukuk.com\/index.php\/wp-json\/wp\/v2\/users\/1"}],"replies":[{"embeddable":true,"href":"https:\/\/www.abchukuk.com\/index.php\/wp-json\/wp\/v2\/comments?post=2872"}],"version-history":[{"count":0,"href":"https:\/\/www.abchukuk.com\/index.php\/wp-json\/wp\/v2\/posts\/2872\/revisions"}],"wp:featuredmedia":[{"embeddable":true,"href":"https:\/\/www.abchukuk.com\/index.php\/wp-json\/wp\/v2\/media\/2873"}],"wp:attachment":[{"href":"https:\/\/www.abchukuk.com\/index.php\/wp-json\/wp\/v2\/media?parent=2872"}],"wp:term":[{"taxonomy":"category","embeddable":true,"href":"https:\/\/www.abchukuk.com\/index.php\/wp-json\/wp\/v2\/categories?post=2872"},{"taxonomy":"post_tag","embeddable":true,"href":"https:\/\/www.abchukuk.com\/index.php\/wp-json\/wp\/v2\/tags?post=2872"}],"curies":[{"name":"wp","href":"https:\/\/api.w.org\/{rel}","templated":true}]}}