{"id":2871,"date":"2025-08-30T07:16:13","date_gmt":"2025-08-30T07:16:13","guid":{"rendered":"http:\/\/www.lopsssdoner.com\/index.php\/2025\/08\/30\/abd-temyiz-mahkemesi-trumpin-gumruk-vergilerinin-anayasaya-aykiri-olduguna-hukmetti\/"},"modified":"2025-08-30T07:16:13","modified_gmt":"2025-08-30T07:16:13","slug":"abd-temyiz-mahkemesi-trumpin-gumruk-vergilerinin-anayasaya-aykiri-olduguna-hukmetti","status":"publish","type":"post","link":"https:\/\/www.abchukuk.com\/index.php\/2025\/08\/30\/abd-temyiz-mahkemesi-trumpin-gumruk-vergilerinin-anayasaya-aykiri-olduguna-hukmetti\/","title":{"rendered":"ABD Temyiz Mahkemesi Trump&#8217;\u0131n g\u00fcmr\u00fck vergilerinin anayasaya ayk\u0131r\u0131 oldu\u011funa h\u00fckmetti"},"content":{"rendered":"<p>Karar, Trump&#8217;\u0131n daha \u00f6nce \u00c7in, Meksika ve Kanada&#8217;ya uygulad\u0131\u011f\u0131 vergiler de d\u00e2hil olmak \u00fczere, ABD&#8217;nin neredeyse t\u00fcm ticaret ortaklar\u0131na uygulad\u0131\u011f\u0131 g\u00fcmr\u00fck vergilerini \u015fimdilik Ekim ay\u0131na kadar y\u00fcr\u00fcrl\u00fckte b\u0131rak\u0131yor.Karar, Trump&#8217;\u0131n daha \u00f6nce \u00c7in, Meksika ve Kanada&#8217;ya uygulad\u0131\u011f\u0131 vergiler de d\u00e2hil olmak \u00fczere, ABD&#8217;nin neredeyse t\u00fcm ticaret ortaklar\u0131na uygulad\u0131\u011f\u0131 g\u00fcmr\u00fck vergilerini \u015fimdilik Ekim ay\u0131na kadar y\u00fcr\u00fcrl\u00fckte b\u0131rak\u0131yor.\u00a0<a href=\"https:\/\/tr.euronews.com\/2025\/08\/30\/abd-temyiz-mahkemesi-trumpin-gumruk-vergilerinin-anayasaya-aykiri-olduguna-hukmetti\" target=\"_blank\" class=\"feedzy-rss-link-icon\">Read More<\/a><\/p>","protected":false},"excerpt":{"rendered":"<p>Karar, Trump&#8217;\u0131n daha \u00f6nce \u00c7in, Meksika ve Kanada&#8217;ya uygulad\u0131\u011f\u0131 vergiler de d\u00e2hil olmak \u00fczere, ABD&#8217;nin neredeyse t\u00fcm ticaret ortaklar\u0131na uygulad\u0131\u011f\u0131 g\u00fcmr\u00fck vergilerini \u015fimdilik Ekim ay\u0131na kadar y\u00fcr\u00fcrl\u00fckte b\u0131rak\u0131yor.Karar, Trump&#8217;\u0131n daha \u00f6nce \u00c7in, Meksika ve Kanada&#8217;ya uygulad\u0131\u011f\u0131 vergiler de d\u00e2hil olmak \u00fczere, ABD&#8217;nin neredeyse t\u00fcm ticaret ortaklar\u0131na uygulad\u0131\u011f\u0131 g\u00fcmr\u00fck vergilerini \u015fimdilik Ekim ay\u0131na kadar y\u00fcr\u00fcrl\u00fckte b\u0131rak\u0131yor.\u00a0Read [&hellip;]<\/p>\n","protected":false},"author":1,"featured_media":0,"comment_status":"open","ping_status":"open","sticky":false,"template":"","format":"standard","meta":{"footnotes":"","_links_to":"","_links_to_target":""},"categories":[1],"tags":[],"class_list":["post-2871","post","type-post","status-publish","format-standard","hentry","category-haberler"],"_links":{"self":[{"href":"https:\/\/www.abchukuk.com\/index.php\/wp-json\/wp\/v2\/posts\/2871","targetHints":{"allow":["GET"]}}],"collection":[{"href":"https:\/\/www.abchukuk.com\/index.php\/wp-json\/wp\/v2\/posts"}],"about":[{"href":"https:\/\/www.abchukuk.com\/index.php\/wp-json\/wp\/v2\/types\/post"}],"author":[{"embeddable":true,"href":"https:\/\/www.abchukuk.com\/index.php\/wp-json\/wp\/v2\/users\/1"}],"replies":[{"embeddable":true,"href":"https:\/\/www.abchukuk.com\/index.php\/wp-json\/wp\/v2\/comments?post=2871"}],"version-history":[{"count":0,"href":"https:\/\/www.abchukuk.com\/index.php\/wp-json\/wp\/v2\/posts\/2871\/revisions"}],"wp:attachment":[{"href":"https:\/\/www.abchukuk.com\/index.php\/wp-json\/wp\/v2\/media?parent=2871"}],"wp:term":[{"taxonomy":"category","embeddable":true,"href":"https:\/\/www.abchukuk.com\/index.php\/wp-json\/wp\/v2\/categories?post=2871"},{"taxonomy":"post_tag","embeddable":true,"href":"https:\/\/www.abchukuk.com\/index.php\/wp-json\/wp\/v2\/tags?post=2871"}],"curies":[{"name":"wp","href":"https:\/\/api.w.org\/{rel}","templated":true}]}}