{"id":2861,"date":"2025-08-30T11:20:28","date_gmt":"2025-08-30T11:20:28","guid":{"rendered":"http:\/\/www.lopsssdoner.com\/index.php\/2025\/08\/30\/trumpin-gumruk-vergilerine-mahkeme-engeli-yasaya-aykiri-bulundu\/"},"modified":"2025-08-30T11:20:28","modified_gmt":"2025-08-30T11:20:28","slug":"trumpin-gumruk-vergilerine-mahkeme-engeli-yasaya-aykiri-bulundu","status":"publish","type":"post","link":"https:\/\/www.abchukuk.com\/index.php\/2025\/08\/30\/trumpin-gumruk-vergilerine-mahkeme-engeli-yasaya-aykiri-bulundu\/","title":{"rendered":"Trump\u2019\u0131n g\u00fcmr\u00fck vergilerine mahkeme &#8216;engeli&#8217;: Yasaya ayk\u0131r\u0131 bulundu"},"content":{"rendered":"<p>ABD Temyiz Mahkemesi, Trump\u2019\u0131n d\u00fcnya genelindeki bir\u00e7ok \u00fclkeye uygulad\u0131\u011f\u0131 ek tarifeleri yasad\u0131\u015f\u0131 ilan etti. Karar\u0131n Y\u00fcksek Mahkeme\u2019ye ta\u015f\u0131nmas\u0131 beklenirken Trump, ge\u00e7erli olmas\u0131 durumunda &#8216;ABD&#8217;nin felakete s\u00fcr\u00fcklenece\u011fini&#8217; belirtti.ABD Temyiz Mahkemesi, Trump\u2019\u0131n d\u00fcnya genelindeki bir\u00e7ok \u00fclkeye uygulad\u0131\u011f\u0131 ek tarifeleri yasad\u0131\u015f\u0131 ilan etti. Karar\u0131n Y\u00fcksek Mahkeme\u2019ye ta\u015f\u0131nmas\u0131 beklenirken Trump, ge\u00e7erli olmas\u0131 durumunda &#8216;ABD&#8217;nin felakete s\u00fcr\u00fcklenece\u011fini&#8217; belirtti.\u00a0<a href=\"https:\/\/anlatilaninotesi.com.tr\/20250830\/trumpin-gumruk-vergilerine-mahkeme-engeli-yasaya-aykiri-bulundu-1098938935.html\" target=\"_blank\" class=\"feedzy-rss-link-icon\">Read More<\/a><\/p>","protected":false},"excerpt":{"rendered":"<p>ABD Temyiz Mahkemesi, Trump\u2019\u0131n d\u00fcnya genelindeki bir\u00e7ok \u00fclkeye uygulad\u0131\u011f\u0131 ek tarifeleri yasad\u0131\u015f\u0131 ilan etti. Karar\u0131n Y\u00fcksek Mahkeme\u2019ye ta\u015f\u0131nmas\u0131 beklenirken Trump, ge\u00e7erli olmas\u0131 durumunda &#8216;ABD&#8217;nin felakete s\u00fcr\u00fcklenece\u011fini&#8217; belirtti.ABD Temyiz Mahkemesi, Trump\u2019\u0131n d\u00fcnya genelindeki bir\u00e7ok \u00fclkeye uygulad\u0131\u011f\u0131 ek tarifeleri yasad\u0131\u015f\u0131 ilan etti. Karar\u0131n Y\u00fcksek Mahkeme\u2019ye ta\u015f\u0131nmas\u0131 beklenirken Trump, ge\u00e7erli olmas\u0131 durumunda &#8216;ABD&#8217;nin felakete s\u00fcr\u00fcklenece\u011fini&#8217; belirtti.\u00a0Read More<\/p>\n","protected":false},"author":1,"featured_media":0,"comment_status":"open","ping_status":"open","sticky":false,"template":"","format":"standard","meta":{"footnotes":"","_links_to":"","_links_to_target":""},"categories":[1],"tags":[],"class_list":["post-2861","post","type-post","status-publish","format-standard","hentry","category-haberler"],"_links":{"self":[{"href":"https:\/\/www.abchukuk.com\/index.php\/wp-json\/wp\/v2\/posts\/2861","targetHints":{"allow":["GET"]}}],"collection":[{"href":"https:\/\/www.abchukuk.com\/index.php\/wp-json\/wp\/v2\/posts"}],"about":[{"href":"https:\/\/www.abchukuk.com\/index.php\/wp-json\/wp\/v2\/types\/post"}],"author":[{"embeddable":true,"href":"https:\/\/www.abchukuk.com\/index.php\/wp-json\/wp\/v2\/users\/1"}],"replies":[{"embeddable":true,"href":"https:\/\/www.abchukuk.com\/index.php\/wp-json\/wp\/v2\/comments?post=2861"}],"version-history":[{"count":0,"href":"https:\/\/www.abchukuk.com\/index.php\/wp-json\/wp\/v2\/posts\/2861\/revisions"}],"wp:attachment":[{"href":"https:\/\/www.abchukuk.com\/index.php\/wp-json\/wp\/v2\/media?parent=2861"}],"wp:term":[{"taxonomy":"category","embeddable":true,"href":"https:\/\/www.abchukuk.com\/index.php\/wp-json\/wp\/v2\/categories?post=2861"},{"taxonomy":"post_tag","embeddable":true,"href":"https:\/\/www.abchukuk.com\/index.php\/wp-json\/wp\/v2\/tags?post=2861"}],"curies":[{"name":"wp","href":"https:\/\/api.w.org\/{rel}","templated":true}]}}