{"id":2852,"date":"2025-08-30T12:48:00","date_gmt":"2025-08-30T12:48:00","guid":{"rendered":"http:\/\/www.lopsssdoner.com\/index.php\/2025\/08\/30\/9-yasindaki-cocugu-kacirmaya-calisan-supheli-cezaevine-girmek-istedim\/"},"modified":"2025-08-30T12:48:00","modified_gmt":"2025-08-30T12:48:00","slug":"9-yasindaki-cocugu-kacirmaya-calisan-supheli-cezaevine-girmek-istedim","status":"publish","type":"post","link":"https:\/\/www.abchukuk.com\/index.php\/2025\/08\/30\/9-yasindaki-cocugu-kacirmaya-calisan-supheli-cezaevine-girmek-istedim\/","title":{"rendered":"9 ya\u015f\u0131ndaki \u00e7ocu\u011fu ka\u00e7\u0131rmaya \u00e7al\u0131\u015fan \u015f\u00fcpheli: &#8216;Cezaevine girmek istedim&#8217;"},"content":{"rendered":"<p>Diyarbak\u0131r\u2019da 9 ya\u015f\u0131ndaki \u00e7ocu\u011fu ka\u00e7\u0131rmaya \u00e7al\u0131\u015fan ve tutuklanan G\u00f6khan K\u0131ratl\u0131, ifadesinde \u201cPsikolojik sorunlar\u0131m var, cezaevine girmek istedim\u201d dedi.Diyarbak\u0131r\u2019da 9 ya\u015f\u0131ndaki \u00e7ocu\u011fu ka\u00e7\u0131rmaya \u00e7al\u0131\u015fan ve tutuklanan G\u00f6khan K\u0131ratl\u0131, ifadesinde \u201cPsikolojik sorunlar\u0131m var, cezaevine girmek istedim\u201d dedi.\u00a0<a href=\"https:\/\/www.cumhuriyet.com.tr\/turkiye\/9-yasindaki-cocugu-kacirmaya-calisan-supheli-cezaevine-girmek-istedim-2430741\" target=\"_blank\" class=\"feedzy-rss-link-icon\">Read More<\/a><\/p>","protected":false},"excerpt":{"rendered":"<p>Diyarbak\u0131r\u2019da 9 ya\u015f\u0131ndaki \u00e7ocu\u011fu ka\u00e7\u0131rmaya \u00e7al\u0131\u015fan ve tutuklanan G\u00f6khan K\u0131ratl\u0131, ifadesinde \u201cPsikolojik sorunlar\u0131m var, cezaevine girmek istedim\u201d dedi.Diyarbak\u0131r\u2019da 9 ya\u015f\u0131ndaki \u00e7ocu\u011fu ka\u00e7\u0131rmaya \u00e7al\u0131\u015fan ve tutuklanan G\u00f6khan K\u0131ratl\u0131, ifadesinde \u201cPsikolojik sorunlar\u0131m var, cezaevine girmek istedim\u201d dedi.\u00a0Read More<\/p>\n","protected":false},"author":1,"featured_media":2853,"comment_status":"open","ping_status":"open","sticky":false,"template":"","format":"standard","meta":{"footnotes":"","_links_to":"","_links_to_target":""},"categories":[1],"tags":[],"class_list":["post-2852","post","type-post","status-publish","format-standard","has-post-thumbnail","hentry","category-haberler"],"_links":{"self":[{"href":"https:\/\/www.abchukuk.com\/index.php\/wp-json\/wp\/v2\/posts\/2852","targetHints":{"allow":["GET"]}}],"collection":[{"href":"https:\/\/www.abchukuk.com\/index.php\/wp-json\/wp\/v2\/posts"}],"about":[{"href":"https:\/\/www.abchukuk.com\/index.php\/wp-json\/wp\/v2\/types\/post"}],"author":[{"embeddable":true,"href":"https:\/\/www.abchukuk.com\/index.php\/wp-json\/wp\/v2\/users\/1"}],"replies":[{"embeddable":true,"href":"https:\/\/www.abchukuk.com\/index.php\/wp-json\/wp\/v2\/comments?post=2852"}],"version-history":[{"count":0,"href":"https:\/\/www.abchukuk.com\/index.php\/wp-json\/wp\/v2\/posts\/2852\/revisions"}],"wp:featuredmedia":[{"embeddable":true,"href":"https:\/\/www.abchukuk.com\/index.php\/wp-json\/wp\/v2\/media\/2853"}],"wp:attachment":[{"href":"https:\/\/www.abchukuk.com\/index.php\/wp-json\/wp\/v2\/media?parent=2852"}],"wp:term":[{"taxonomy":"category","embeddable":true,"href":"https:\/\/www.abchukuk.com\/index.php\/wp-json\/wp\/v2\/categories?post=2852"},{"taxonomy":"post_tag","embeddable":true,"href":"https:\/\/www.abchukuk.com\/index.php\/wp-json\/wp\/v2\/tags?post=2852"}],"curies":[{"name":"wp","href":"https:\/\/api.w.org\/{rel}","templated":true}]}}