{"id":2849,"date":"2025-08-30T13:06:25","date_gmt":"2025-08-30T13:06:25","guid":{"rendered":"http:\/\/www.lopsssdoner.com\/index.php\/2025\/08\/30\/ak-partiden-mahmud-abbasin-vizesinin-iptaline-tepki-abdnin-karari-adaletsizlik\/"},"modified":"2025-08-30T13:06:25","modified_gmt":"2025-08-30T13:06:25","slug":"ak-partiden-mahmud-abbasin-vizesinin-iptaline-tepki-abdnin-karari-adaletsizlik","status":"publish","type":"post","link":"https:\/\/www.abchukuk.com\/index.php\/2025\/08\/30\/ak-partiden-mahmud-abbasin-vizesinin-iptaline-tepki-abdnin-karari-adaletsizlik\/","title":{"rendered":"AK Parti&#8217;den Mahmud Abbas\u2019\u0131n vizesinin iptaline tepki: ABD&#8217;nin karar\u0131 adaletsizlik"},"content":{"rendered":"<p>AK Parti S\u00f6zc\u00fcs\u00fc \u00d6mer \u00c7elik, ABD y\u00f6netiminin Filistin Devlet Ba\u015fkan\u0131 Mahmud Abbas ve BM Genel Kurulu\u2019na kat\u0131lacak Filistinli yetkililerin vizelerini iptal etmesine sert tepki g\u00f6sterdi. \u00c7elik, karar i\u00e7in \u201cDiplomasiye zarar veren, adaletsiz bir uygulama\u201d ifadelerini kulland\u0131.AK Parti S\u00f6zc\u00fcs\u00fc \u00d6mer \u00c7elik, ABD y\u00f6netiminin Filistin Devlet Ba\u015fkan\u0131 Mahmud Abbas ve BM Genel Kurulu\u2019na kat\u0131lacak Filistinli yetkililerin vizelerini iptal etmesine sert tepki g\u00f6sterdi. \u00c7elik, karar i\u00e7in \u201cDiplomasiye zarar veren, adaletsiz bir uygulama\u201d ifadelerini kulland\u0131.\u00a0<a href=\"https:\/\/anlatilaninotesi.com.tr\/20250830\/ak-partiden-mahmud-abbasin-vizesinin-iptaline-tepki-abdnin-karari-adaletsizlik-1098941406.html\" target=\"_blank\" class=\"feedzy-rss-link-icon\">Read More<\/a><\/p>","protected":false},"excerpt":{"rendered":"<p>AK Parti S\u00f6zc\u00fcs\u00fc \u00d6mer \u00c7elik, ABD y\u00f6netiminin Filistin Devlet Ba\u015fkan\u0131 Mahmud Abbas ve BM Genel Kurulu\u2019na kat\u0131lacak Filistinli yetkililerin vizelerini iptal etmesine sert tepki g\u00f6sterdi. \u00c7elik, karar i\u00e7in \u201cDiplomasiye zarar veren, adaletsiz bir uygulama\u201d ifadelerini kulland\u0131.AK Parti S\u00f6zc\u00fcs\u00fc \u00d6mer \u00c7elik, ABD y\u00f6netiminin Filistin Devlet Ba\u015fkan\u0131 Mahmud Abbas ve BM Genel Kurulu\u2019na kat\u0131lacak Filistinli yetkililerin vizelerini [&hellip;]<\/p>\n","protected":false},"author":1,"featured_media":0,"comment_status":"open","ping_status":"open","sticky":false,"template":"","format":"standard","meta":{"footnotes":"","_links_to":"","_links_to_target":""},"categories":[1],"tags":[],"class_list":["post-2849","post","type-post","status-publish","format-standard","hentry","category-haberler"],"_links":{"self":[{"href":"https:\/\/www.abchukuk.com\/index.php\/wp-json\/wp\/v2\/posts\/2849","targetHints":{"allow":["GET"]}}],"collection":[{"href":"https:\/\/www.abchukuk.com\/index.php\/wp-json\/wp\/v2\/posts"}],"about":[{"href":"https:\/\/www.abchukuk.com\/index.php\/wp-json\/wp\/v2\/types\/post"}],"author":[{"embeddable":true,"href":"https:\/\/www.abchukuk.com\/index.php\/wp-json\/wp\/v2\/users\/1"}],"replies":[{"embeddable":true,"href":"https:\/\/www.abchukuk.com\/index.php\/wp-json\/wp\/v2\/comments?post=2849"}],"version-history":[{"count":0,"href":"https:\/\/www.abchukuk.com\/index.php\/wp-json\/wp\/v2\/posts\/2849\/revisions"}],"wp:attachment":[{"href":"https:\/\/www.abchukuk.com\/index.php\/wp-json\/wp\/v2\/media?parent=2849"}],"wp:term":[{"taxonomy":"category","embeddable":true,"href":"https:\/\/www.abchukuk.com\/index.php\/wp-json\/wp\/v2\/categories?post=2849"},{"taxonomy":"post_tag","embeddable":true,"href":"https:\/\/www.abchukuk.com\/index.php\/wp-json\/wp\/v2\/tags?post=2849"}],"curies":[{"name":"wp","href":"https:\/\/api.w.org\/{rel}","templated":true}]}}