{"id":2847,"date":"2025-08-30T04:48:00","date_gmt":"2025-08-30T04:48:00","guid":{"rendered":"http:\/\/www.lopsssdoner.com\/index.php\/2025\/08\/30\/cumhuriyet-ortaya-cikarmisti-12-yasindaki-kiz-cocuguna-cinsel-istismar-aile-bakanligi-mudahil-olacak\/"},"modified":"2025-08-30T04:48:00","modified_gmt":"2025-08-30T04:48:00","slug":"cumhuriyet-ortaya-cikarmisti-12-yasindaki-kiz-cocuguna-cinsel-istismar-aile-bakanligi-mudahil-olacak","status":"publish","type":"post","link":"https:\/\/www.abchukuk.com\/index.php\/2025\/08\/30\/cumhuriyet-ortaya-cikarmisti-12-yasindaki-kiz-cocuguna-cinsel-istismar-aile-bakanligi-mudahil-olacak\/","title":{"rendered":"Cumhuriyet ortaya \u00e7\u0131karm\u0131\u015ft\u0131&#8230; 12 ya\u015f\u0131ndaki k\u0131z \u00e7ocu\u011funa cinsel istismar: Aile Bakanl\u0131\u011f\u0131 m\u00fcdahil olacak"},"content":{"rendered":"<p>Cumhuriyet&#8217;in ortaya \u00e7\u0131kard\u0131\u011f\u0131 12 ya\u015f\u0131ndaki k\u0131z \u00e7ocu\u011funa cinsel istismar skandal\u0131nda yeni bir geli\u015fme ya\u015fand\u0131. Aile ve Sosyal Hizmetler Bakanl\u0131\u011f\u0131, k\u0131z \u00e7ocu\u011funa cinsel istismarda bulunan 2 ki\u015finin serbest b\u0131rak\u0131lmas\u0131na itiraz etti.Cumhuriyet&#8217;in ortaya \u00e7\u0131kard\u0131\u011f\u0131 12 ya\u015f\u0131ndaki k\u0131z \u00e7ocu\u011funa cinsel istismar skandal\u0131nda yeni bir geli\u015fme ya\u015fand\u0131. Aile ve Sosyal Hizmetler Bakanl\u0131\u011f\u0131, k\u0131z \u00e7ocu\u011funa cinsel istismarda bulunan 2 ki\u015finin serbest b\u0131rak\u0131lmas\u0131na itiraz etti.\u00a0<a href=\"https:\/\/www.cumhuriyet.com.tr\/turkiye\/cumhuriyet-ortaya-cikarmisti-12-yasindaki-kiz-cocuguna-istismar-aile-bakanligi-mudahil-olacak-2430630\" target=\"_blank\" class=\"feedzy-rss-link-icon\">Read More<\/a><\/p>","protected":false},"excerpt":{"rendered":"<p>Cumhuriyet&#8217;in ortaya \u00e7\u0131kard\u0131\u011f\u0131 12 ya\u015f\u0131ndaki k\u0131z \u00e7ocu\u011funa cinsel istismar skandal\u0131nda yeni bir geli\u015fme ya\u015fand\u0131. Aile ve Sosyal Hizmetler Bakanl\u0131\u011f\u0131, k\u0131z \u00e7ocu\u011funa cinsel istismarda bulunan 2 ki\u015finin serbest b\u0131rak\u0131lmas\u0131na itiraz etti.Cumhuriyet&#8217;in ortaya \u00e7\u0131kard\u0131\u011f\u0131 12 ya\u015f\u0131ndaki k\u0131z \u00e7ocu\u011funa cinsel istismar skandal\u0131nda yeni bir geli\u015fme ya\u015fand\u0131. Aile ve Sosyal Hizmetler Bakanl\u0131\u011f\u0131, k\u0131z \u00e7ocu\u011funa cinsel istismarda bulunan 2 ki\u015finin [&hellip;]<\/p>\n","protected":false},"author":1,"featured_media":2848,"comment_status":"open","ping_status":"open","sticky":false,"template":"","format":"standard","meta":{"footnotes":"","_links_to":"","_links_to_target":""},"categories":[1],"tags":[],"class_list":["post-2847","post","type-post","status-publish","format-standard","has-post-thumbnail","hentry","category-haberler"],"_links":{"self":[{"href":"https:\/\/www.abchukuk.com\/index.php\/wp-json\/wp\/v2\/posts\/2847","targetHints":{"allow":["GET"]}}],"collection":[{"href":"https:\/\/www.abchukuk.com\/index.php\/wp-json\/wp\/v2\/posts"}],"about":[{"href":"https:\/\/www.abchukuk.com\/index.php\/wp-json\/wp\/v2\/types\/post"}],"author":[{"embeddable":true,"href":"https:\/\/www.abchukuk.com\/index.php\/wp-json\/wp\/v2\/users\/1"}],"replies":[{"embeddable":true,"href":"https:\/\/www.abchukuk.com\/index.php\/wp-json\/wp\/v2\/comments?post=2847"}],"version-history":[{"count":0,"href":"https:\/\/www.abchukuk.com\/index.php\/wp-json\/wp\/v2\/posts\/2847\/revisions"}],"wp:featuredmedia":[{"embeddable":true,"href":"https:\/\/www.abchukuk.com\/index.php\/wp-json\/wp\/v2\/media\/2848"}],"wp:attachment":[{"href":"https:\/\/www.abchukuk.com\/index.php\/wp-json\/wp\/v2\/media?parent=2847"}],"wp:term":[{"taxonomy":"category","embeddable":true,"href":"https:\/\/www.abchukuk.com\/index.php\/wp-json\/wp\/v2\/categories?post=2847"},{"taxonomy":"post_tag","embeddable":true,"href":"https:\/\/www.abchukuk.com\/index.php\/wp-json\/wp\/v2\/tags?post=2847"}],"curies":[{"name":"wp","href":"https:\/\/api.w.org\/{rel}","templated":true}]}}