{"id":2837,"date":"2025-08-30T06:24:52","date_gmt":"2025-08-30T06:24:52","guid":{"rendered":"http:\/\/www.lopsssdoner.com\/index.php\/2025\/08\/30\/bmden-ukraynaya-kinama-rusyadaki-sivil-hedeflere-yonelik-saldirilar-uluslararasi-hukukun-ihlali\/"},"modified":"2025-08-30T06:24:52","modified_gmt":"2025-08-30T06:24:52","slug":"bmden-ukraynaya-kinama-rusyadaki-sivil-hedeflere-yonelik-saldirilar-uluslararasi-hukukun-ihlali","status":"publish","type":"post","link":"https:\/\/www.abchukuk.com\/index.php\/2025\/08\/30\/bmden-ukraynaya-kinama-rusyadaki-sivil-hedeflere-yonelik-saldirilar-uluslararasi-hukukun-ihlali\/","title":{"rendered":"BM\u2019den Ukrayna\u2019ya k\u0131nama: \u2018Rusya\u2019daki sivil hedeflere y\u00f6nelik sald\u0131r\u0131lar uluslararas\u0131 hukukun ihlali\u2019"},"content":{"rendered":"<p>Ukrayna ordusunun Rusya topraklar\u0131ndaki sivil hedeflere y\u00f6nelik sald\u0131r\u0131lar\u0131n tedirgin edici oldu\u011funu belirten Birle\u015fmi\u015f Milletler (BM) Genel Sekreter Yard\u0131mc\u0131s\u0131 Jenca, sald\u0131r\u0131lara derhal son verme \u00e7a\u011fr\u0131s\u0131nda bulundu.Ukrayna ordusunun Rusya topraklar\u0131ndaki sivil hedeflere y\u00f6nelik sald\u0131r\u0131lar\u0131n tedirgin edici oldu\u011funu belirten Birle\u015fmi\u015f Milletler (BM) Genel Sekreter Yard\u0131mc\u0131s\u0131 Jenca, sald\u0131r\u0131lara derhal son verme \u00e7a\u011fr\u0131s\u0131nda bulundu.\u00a0<a href=\"https:\/\/anlatilaninotesi.com.tr\/20250830\/bmden-ukraynaya-kinama-rusyadaki-sivil-hedeflere-yonelik-saldirilar-uluslararasi-hukukun-ihlali-1098933003.html\" target=\"_blank\" class=\"feedzy-rss-link-icon\">Read More<\/a><\/p>","protected":false},"excerpt":{"rendered":"<p>Ukrayna ordusunun Rusya topraklar\u0131ndaki sivil hedeflere y\u00f6nelik sald\u0131r\u0131lar\u0131n tedirgin edici oldu\u011funu belirten Birle\u015fmi\u015f Milletler (BM) Genel Sekreter Yard\u0131mc\u0131s\u0131 Jenca, sald\u0131r\u0131lara derhal son verme \u00e7a\u011fr\u0131s\u0131nda bulundu.Ukrayna ordusunun Rusya topraklar\u0131ndaki sivil hedeflere y\u00f6nelik sald\u0131r\u0131lar\u0131n tedirgin edici oldu\u011funu belirten Birle\u015fmi\u015f Milletler (BM) Genel Sekreter Yard\u0131mc\u0131s\u0131 Jenca, sald\u0131r\u0131lara derhal son verme \u00e7a\u011fr\u0131s\u0131nda bulundu.\u00a0Read More<\/p>\n","protected":false},"author":1,"featured_media":0,"comment_status":"open","ping_status":"open","sticky":false,"template":"","format":"standard","meta":{"footnotes":"","_links_to":"","_links_to_target":""},"categories":[1],"tags":[],"class_list":["post-2837","post","type-post","status-publish","format-standard","hentry","category-haberler"],"_links":{"self":[{"href":"https:\/\/www.abchukuk.com\/index.php\/wp-json\/wp\/v2\/posts\/2837","targetHints":{"allow":["GET"]}}],"collection":[{"href":"https:\/\/www.abchukuk.com\/index.php\/wp-json\/wp\/v2\/posts"}],"about":[{"href":"https:\/\/www.abchukuk.com\/index.php\/wp-json\/wp\/v2\/types\/post"}],"author":[{"embeddable":true,"href":"https:\/\/www.abchukuk.com\/index.php\/wp-json\/wp\/v2\/users\/1"}],"replies":[{"embeddable":true,"href":"https:\/\/www.abchukuk.com\/index.php\/wp-json\/wp\/v2\/comments?post=2837"}],"version-history":[{"count":0,"href":"https:\/\/www.abchukuk.com\/index.php\/wp-json\/wp\/v2\/posts\/2837\/revisions"}],"wp:attachment":[{"href":"https:\/\/www.abchukuk.com\/index.php\/wp-json\/wp\/v2\/media?parent=2837"}],"wp:term":[{"taxonomy":"category","embeddable":true,"href":"https:\/\/www.abchukuk.com\/index.php\/wp-json\/wp\/v2\/categories?post=2837"},{"taxonomy":"post_tag","embeddable":true,"href":"https:\/\/www.abchukuk.com\/index.php\/wp-json\/wp\/v2\/tags?post=2837"}],"curies":[{"name":"wp","href":"https:\/\/api.w.org\/{rel}","templated":true}]}}