{"id":28367,"date":"2026-05-03T12:06:20","date_gmt":"2026-05-03T12:06:20","guid":{"rendered":"https:\/\/www.abchukuk.com\/index.php\/2026\/05\/03\/iddia-iranli-is-insani-starlink-nedeniyle-gozaltina-alinan-kardesini-ararken-olduruldu\/"},"modified":"2026-05-03T12:06:20","modified_gmt":"2026-05-03T12:06:20","slug":"iddia-iranli-is-insani-starlink-nedeniyle-gozaltina-alinan-kardesini-ararken-olduruldu","status":"publish","type":"post","link":"https:\/\/www.abchukuk.com\/index.php\/2026\/05\/03\/iddia-iranli-is-insani-starlink-nedeniyle-gozaltina-alinan-kardesini-ararken-olduruldu\/","title":{"rendered":"\u0130ddia: \u0130ranl\u0131 i\u015f insan\u0131, Starlink nedeniyle g\u00f6zalt\u0131na al\u0131nan karde\u015fini ararken \u00f6ld\u00fcr\u00fcld\u00fc"},"content":{"rendered":"<p>\u0130ddialara g\u00f6re, \u0130ranl\u0131 i\u015f insan\u0131, Starlink ekipman\u0131 kulland\u0131\u011f\u0131 gerek\u00e7esiyle g\u00f6zalt\u0131na al\u0131nan karde\u015finin durumunu takip etmek amac\u0131yla gitti\u011fi karakolda d\u00f6v\u00fclerek \u00f6ld\u00fcr\u00fcld\u00fc.\u0130ddialara g\u00f6re, \u0130ranl\u0131 i\u015f insan\u0131, Starlink ekipman\u0131 kulland\u0131\u011f\u0131 gerek\u00e7esiyle g\u00f6zalt\u0131na al\u0131nan karde\u015finin durumunu takip etmek amac\u0131yla gitti\u011fi karakolda d\u00f6v\u00fclerek \u00f6ld\u00fcr\u00fcld\u00fc.\u00a0<a href=\"http:\/\/tr.euronews.com\/2026\/05\/03\/iddia-iranli-is-insani-starlink-nedeniyle-gozaltina-alinan-kardesini-ararken-olduruldu\" target=\"_blank\" class=\"feedzy-rss-link-icon\">Read More<\/a><\/p>","protected":false},"excerpt":{"rendered":"<p>\u0130ddialara g\u00f6re, \u0130ranl\u0131 i\u015f insan\u0131, Starlink ekipman\u0131 kulland\u0131\u011f\u0131 gerek\u00e7esiyle g\u00f6zalt\u0131na al\u0131nan karde\u015finin durumunu takip etmek amac\u0131yla gitti\u011fi karakolda d\u00f6v\u00fclerek \u00f6ld\u00fcr\u00fcld\u00fc.\u0130ddialara g\u00f6re, \u0130ranl\u0131 i\u015f insan\u0131, Starlink ekipman\u0131 kulland\u0131\u011f\u0131 gerek\u00e7esiyle g\u00f6zalt\u0131na al\u0131nan karde\u015finin durumunu takip etmek amac\u0131yla gitti\u011fi karakolda d\u00f6v\u00fclerek \u00f6ld\u00fcr\u00fcld\u00fc.\u00a0Read More<\/p>\n","protected":false},"author":1,"featured_media":0,"comment_status":"open","ping_status":"open","sticky":false,"template":"","format":"standard","meta":{"footnotes":"","_links_to":"","_links_to_target":""},"categories":[1],"tags":[],"class_list":["post-28367","post","type-post","status-publish","format-standard","hentry","category-haberler"],"_links":{"self":[{"href":"https:\/\/www.abchukuk.com\/index.php\/wp-json\/wp\/v2\/posts\/28367","targetHints":{"allow":["GET"]}}],"collection":[{"href":"https:\/\/www.abchukuk.com\/index.php\/wp-json\/wp\/v2\/posts"}],"about":[{"href":"https:\/\/www.abchukuk.com\/index.php\/wp-json\/wp\/v2\/types\/post"}],"author":[{"embeddable":true,"href":"https:\/\/www.abchukuk.com\/index.php\/wp-json\/wp\/v2\/users\/1"}],"replies":[{"embeddable":true,"href":"https:\/\/www.abchukuk.com\/index.php\/wp-json\/wp\/v2\/comments?post=28367"}],"version-history":[{"count":0,"href":"https:\/\/www.abchukuk.com\/index.php\/wp-json\/wp\/v2\/posts\/28367\/revisions"}],"wp:attachment":[{"href":"https:\/\/www.abchukuk.com\/index.php\/wp-json\/wp\/v2\/media?parent=28367"}],"wp:term":[{"taxonomy":"category","embeddable":true,"href":"https:\/\/www.abchukuk.com\/index.php\/wp-json\/wp\/v2\/categories?post=28367"},{"taxonomy":"post_tag","embeddable":true,"href":"https:\/\/www.abchukuk.com\/index.php\/wp-json\/wp\/v2\/tags?post=28367"}],"curies":[{"name":"wp","href":"https:\/\/api.w.org\/{rel}","templated":true}]}}