{"id":28366,"date":"2026-05-03T12:59:09","date_gmt":"2026-05-03T12:59:09","guid":{"rendered":"https:\/\/www.abchukuk.com\/index.php\/2026\/05\/03\/adalet-bakani-akin-gurlekten-arabalik-ve-mudahale-iddialarina-net-yalanlama-geldi\/"},"modified":"2026-05-03T12:59:09","modified_gmt":"2026-05-03T12:59:09","slug":"adalet-bakani-akin-gurlekten-arabalik-ve-mudahale-iddialarina-net-yalanlama-geldi","status":"publish","type":"post","link":"https:\/\/www.abchukuk.com\/index.php\/2026\/05\/03\/adalet-bakani-akin-gurlekten-arabalik-ve-mudahale-iddialarina-net-yalanlama-geldi\/","title":{"rendered":"Adalet Bakan\u0131 Ak\u0131n G\u00fcrlek\u2019ten arabal\u0131k ve m\u00fcdahale iddialar\u0131na net yalanlama geldi!"},"content":{"rendered":"<p data-start=\"162\" data-end=\"371\"><strong>SON.TV\/ANKARA<\/strong><\/p>\n<p data-start=\"162\" data-end=\"371\"><br data-start=\"174\" data-end=\"177\" \/>Sosyal medyada dola\u015f\u0131ma sokulan Adalet Bakan\u0131 Ak\u0131n G\u00fcrlek hakk\u0131nda \u201cakrabal\u0131k\u201d ve \u201cyarg\u0131ya m\u00fcdahale\u201d iddialar\u0131na resmi kaynaklardan net yan\u0131t geldi. \u0130ddialar\u0131n tamamen as\u0131ls\u0131z oldu\u011fu vurguland\u0131.<\/p>\n<p data-start=\"378\" data-end=\"407\"><strong data-start=\"378\" data-end=\"407\">\u0130DD\u0130ALARIN TAMAMI ASILSIZ<\/strong><\/p>\n<p data-start=\"409\" data-end=\"722\">Baz\u0131 sosyal medya platformlar\u0131nda yer alan, <strong>Adalet Bakan\u0131 <span class=\"hover:entity-accent entity-underline inline cursor-pointer align-baseline\"><span class=\"whitespace-normal\">Ak\u0131n G\u00fcrlek<\/span><\/span> <\/strong>ile Ankara<strong> B\u00fcy\u00fck\u015fehir Belediyesi<\/strong> i\u015ftiraki <strong>ASK\u0130<\/strong>\u2019de g\u00f6rev yapan bir daire ba\u015fkan\u0131 aras\u0131nda akrabal\u0131k bulundu\u011fu ve bu ili\u015fki \u00fczerinden adli s\u00fcre\u00e7lere m\u00fcdahale edildi\u011fi y\u00f6n\u00fcndeki iddialar\u0131n ger\u00e7e\u011fi yans\u0131tmad\u0131\u011f\u0131 a\u00e7\u0131kland\u0131.<\/p>\n<p data-start=\"724\" data-end=\"823\">Yetkililer, s\u00f6z konusu payla\u015f\u0131mlar\u0131n tamamen mesnetsiz ve dezenformasyon amac\u0131 ta\u015f\u0131d\u0131\u011f\u0131n\u0131 belirtti.<\/p>\n<p data-start=\"830\" data-end=\"862\"><strong data-start=\"830\" data-end=\"862\">AKRABALIK VE BA\u011e \u0130DD\u0130ASI YOK<\/strong><\/p>\n<p data-start=\"864\" data-end=\"997\">A\u00e7\u0131klamada, ad\u0131 ge\u00e7en ki\u015fi ile Bakan G\u00fcrlek aras\u0131nda herhangi bir akrabal\u0131k ba\u011f\u0131, tan\u0131\u015f\u0131kl\u0131k ya da ili\u015fki bulunmad\u0131\u011f\u0131 ifade edildi.<\/p>\n<p data-start=\"999\" data-end=\"1130\">Soyad\u0131 benzerli\u011fi \u00fczerinden ortaya at\u0131lan iddialar\u0131n hi\u00e7bir somut veriye dayanmad\u0131\u011f\u0131, a\u00e7\u0131k bir iftira niteli\u011fi ta\u015f\u0131d\u0131\u011f\u0131 vurguland\u0131.<\/p>\n<p data-start=\"1132\" data-end=\"1258\">\u0130ncelemelerde, iddiaya konu <strong>Mehmet Halis G\u00fcrlek\u2019<\/strong>in <strong>Aksarayl\u0131<\/strong> oldu\u011fu, <strong>Bakan G\u00fcrlek<\/strong>\u2019in ise <strong>Nev\u015fehirli<\/strong> oldu\u011fu bilgisi payla\u015f\u0131ld\u0131.<\/p>\n<p data-start=\"1265\" data-end=\"1304\"><strong data-start=\"1265\" data-end=\"1304\">YARGIYA M\u00dcDAHALE \u0130DD\u0130ASI REDDED\u0130LD\u0130<\/strong><\/p>\n<p data-start=\"1306\" data-end=\"1505\">T\u00fcrk yarg\u0131 sisteminin Anayasa ve kanunlar \u00e7er\u00e7evesinde ba\u011f\u0131ms\u0131z ve tarafs\u0131z \u015fekilde i\u015fledi\u011fi belirtilirken, hi\u00e7bir ki\u015fi ya da makam\u0131n yarg\u0131 s\u00fcre\u00e7lerine m\u00fcdahalesinin s\u00f6z konusu olmad\u0131\u011f\u0131 ifade edildi.<\/p>\n<p data-start=\"1507\" data-end=\"1622\">Ortaya at\u0131lan iddialar\u0131n, yarg\u0131 ba\u011f\u0131ms\u0131zl\u0131\u011f\u0131n\u0131 hedef alan kas\u0131tl\u0131 bir alg\u0131 operasyonunun par\u00e7as\u0131 oldu\u011fu kaydedildi.<\/p>\n<p data-start=\"1629\" data-end=\"1658\"><strong data-start=\"1629\" data-end=\"1658\">HUKUK\u0130 S\u00dcRE\u00c7 BA\u015eLATILACAK<\/strong><\/p>\n<p data-start=\"1660\" data-end=\"1789\">A\u00e7\u0131klamada, bu t\u00fcr i\u00e7eriklerin toplumsal g\u00fcveni zedelemeyi ve devlet kurumlar\u0131n\u0131 itibars\u0131zla\u015ft\u0131rmay\u0131 ama\u00e7lad\u0131\u011f\u0131na dikkat \u00e7ekildi.<\/p>\n<p data-start=\"1791\" data-end=\"1907\">Dezenformasyon i\u00e7eren payla\u015f\u0131mlar\u0131 \u00fcreten ve yayan ki\u015filer hakk\u0131nda gerekli hukuki s\u00fcrecin ba\u015flat\u0131laca\u011f\u0131 bildirildi.<\/p>\n<p data-start=\"1791\" data-end=\"1907\">Kamuoyunun manip\u00fclatif ve ger\u00e7ek d\u0131\u015f\u0131 iddialara itibar etmemesi gerekti\u011fini vurgulad\u0131.<\/p>\n<p data-start=\"1914\" data-end=\"1933\"><strong data-start=\"1914\" data-end=\"1933\">KAMUOYUNA UYARI<\/strong><\/p>\n<p data-start=\"1935\" data-end=\"2033\">Adalet Bakanl\u0131\u011f\u0131 yetkilerinin bu konudaki a\u00e7\u0131klamas\u0131 ize \u015f\u00f6yle;<\/p>\n<p data-start=\"1935\" data-end=\"2033\"><strong>KAMUOYU B\u0130LG\u0130LEND\u0130RME NOTU <\/strong><\/p>\n<p data-start=\"1935\" data-end=\"2033\"><strong>Konu: Sosyal Medyada Yer Alan As\u0131ls\u0131z \u201cAkrabal\u0131k\u201d ve \u201cM\u00fcdahale\u201d \u0130ddialar\u0131 Hakk\u0131nda* Baz\u0131 sosyal medya platformlar\u0131nda dola\u015f\u0131ma sokulan; Adalet Bakan\u0131m\u0131z Say\u0131n Ak\u0131n G\u00fcrlek ile Ankara B\u00fcy\u00fck\u015fehir Belediyesi i\u015ftiraki ASK\u0130\u2019de g\u00f6rev yapan bir daire ba\u015fkan\u0131 aras\u0131nda akrabal\u0131k ba\u011f\u0131 bulundu\u011fu ve bu s\u00f6zde ba\u011f \u00fczerinden adli s\u00fcre\u00e7lere m\u00fcdahale edildi\u011fi y\u00f6n\u00fcndeki iddialar tamamen ger\u00e7ek d\u0131\u015f\u0131, mesnetsiz ve a\u00e7\u0131k\u00e7a dezenformasyon ama\u00e7l\u0131d\u0131r. S\u00f6z konusu payla\u015f\u0131mlarda ad\u0131 ge\u00e7en \u015fah\u0131s ile Adalet Bakan\u0131m\u0131z Say\u0131n Ak\u0131n G\u00fcrlek aras\u0131nda herhangi bir akrabal\u0131k ba\u011f\u0131, tan\u0131\u015f\u0131kl\u0131k ya da ili\u015fki bulunmamaktad\u0131r. Soyad\u0131 benzerli\u011fi \u00fczerinden kurgulanan bu iddialar, hi\u00e7bir somut veriye dayanmayan a\u00e7\u0131k bir iftirad\u0131r. Yap\u0131lan incelemelerde, iddiaya konu Mehmet Halis G\u00fcrlek isimli \u015fahs\u0131n Aksarayl\u0131 oldu\u011fu tespit edilmi\u015ftir. , Adalet Bakan\u0131m\u0131z Say\u0131n G\u00fcrlek\u2019in ise Nev\u015fehirli oldu\u011fu kamuoyunca bilinmektedir. T\u00fcrk yarg\u0131 sistemi; Anayasa ve kanunlar \u00e7er\u00e7evesinde, ba\u011f\u0131ms\u0131z ve tarafs\u0131z mahkemeler eliyle i\u015flemektedir. Hi\u00e7bir makam\u0131n, ki\u015finin ya da merciin yarg\u0131 s\u00fcre\u00e7lerine m\u00fcdahalesi s\u00f6z konusu de\u011fildir. Bu y\u00f6nde ortaya at\u0131lan iddialarda yarg\u0131 ba\u011f\u0131ms\u0131zl\u0131\u011f\u0131n\u0131 hedef alan kas\u0131tl\u0131 bir alg\u0131 operasyonunun par\u00e7as\u0131d\u0131r. Kas\u0131tl\u0131 \u015fekilde \u00fcretilen bu t\u00fcr i\u00e7erikler; toplumsal g\u00fcveni zedelemeyi, devlet kurumlar\u0131n\u0131 itibars\u0131zla\u015ft\u0131rmay\u0131 ve devam eden hukuki s\u00fcre\u00e7leri manip\u00fcle etmeyi ama\u00e7lamaktad\u0131r. Bu kapsamda, dezenformasyon i\u00e7eren bu payla\u015f\u0131mlar\u0131 \u00fcreten ve yayan ki\u015filer hakk\u0131nda gerekli hukuki s\u00fcre\u00e7ler titizlikle y\u00fcr\u00fct\u00fclecektir. Kamuoyunun, ger\u00e7ek d\u0131\u015f\u0131, manip\u00fclatif ve kas\u0131tl\u0131 olarak dola\u015f\u0131ma sokulan bu t\u00fcr iddialara itibar etmemesi \u00f6nem arz etmektedir.<\/strong><\/p>\n<p data-start=\"993\" data-end=\"1006\"><strong data-start=\"993\" data-end=\"1006\">ET\u0130KETLER<\/strong><\/p>\n<p data-start=\"1008\" data-end=\"1130\" data-is-last-node=\"\" data-is-only-node=\"\"><strong>#Ak\u0131nG\u00fcrlek #AdaletBakanl\u0131\u011f\u0131 #Yarg\u0131Ba\u011f\u0131ms\u0131zl\u0131\u011f\u0131 #Dezenformasyon #T\u00fcrkiyeG\u00fcndemi #SonDakika #Haber #G\u00fcndem #Siyaset #Adalet<\/strong><\/p>\n<p>SON.TV\/ANKARA Sosyal medyada dola\u015f\u0131ma sokulan Adalet Bakan\u0131 Ak\u0131n G\u00fcrlek hakk\u0131nda \u201cakrabal\u0131k\u201d ve \u201cyarg\u0131ya m\u00fcdahale\u201d iddialar\u0131na resmi kaynaklardan net yan\u0131t geldi. \u0130ddialar\u0131n tamamen as\u0131ls\u0131z oldu\u011fu vurguland\u0131. \u0130DD\u0130ALARIN TAMAMI ASILSIZ Baz\u0131 sosyal medya platformlar\u0131nda yer alan, Adalet Bakan\u0131 Ak\u0131n G\u00fcrlek ile Ankara B\u00fcy\u00fck\u015fehir Belediyesi i\u015ftiraki ASK\u0130\u2019de g\u00f6rev yapan bir daire ba\u015fkan\u0131 aras\u0131nda akrabal\u0131k bulundu\u011fu ve bu ili\u015fki\u00a0<a href=\"https:\/\/www.son.tv\/adalet-bakani-akin-gurlekten-arabalik-ve-mudahale-iddialarina-net-yalanlama-geldi\/\" target=\"_blank\" class=\"feedzy-rss-link-icon\">Read More<\/a><\/p>","protected":false},"excerpt":{"rendered":"<p>SON.TV\/ANKARA Sosyal medyada dola\u015f\u0131ma sokulan Adalet Bakan\u0131 Ak\u0131n G\u00fcrlek hakk\u0131nda \u201cakrabal\u0131k\u201d ve \u201cyarg\u0131ya m\u00fcdahale\u201d iddialar\u0131na resmi kaynaklardan net yan\u0131t geldi. \u0130ddialar\u0131n tamamen as\u0131ls\u0131z oldu\u011fu vurguland\u0131. \u0130DD\u0130ALARIN TAMAMI ASILSIZ Baz\u0131 sosyal medya platformlar\u0131nda yer alan, Adalet Bakan\u0131 Ak\u0131n G\u00fcrlek ile Ankara B\u00fcy\u00fck\u015fehir Belediyesi i\u015ftiraki ASK\u0130\u2019de g\u00f6rev yapan bir daire ba\u015fkan\u0131 aras\u0131nda akrabal\u0131k bulundu\u011fu ve bu ili\u015fki [&hellip;]<\/p>\n","protected":false},"author":1,"featured_media":0,"comment_status":"open","ping_status":"open","sticky":false,"template":"","format":"standard","meta":{"footnotes":"","_links_to":"","_links_to_target":""},"categories":[1],"tags":[],"class_list":["post-28366","post","type-post","status-publish","format-standard","hentry","category-haberler"],"_links":{"self":[{"href":"https:\/\/www.abchukuk.com\/index.php\/wp-json\/wp\/v2\/posts\/28366","targetHints":{"allow":["GET"]}}],"collection":[{"href":"https:\/\/www.abchukuk.com\/index.php\/wp-json\/wp\/v2\/posts"}],"about":[{"href":"https:\/\/www.abchukuk.com\/index.php\/wp-json\/wp\/v2\/types\/post"}],"author":[{"embeddable":true,"href":"https:\/\/www.abchukuk.com\/index.php\/wp-json\/wp\/v2\/users\/1"}],"replies":[{"embeddable":true,"href":"https:\/\/www.abchukuk.com\/index.php\/wp-json\/wp\/v2\/comments?post=28366"}],"version-history":[{"count":0,"href":"https:\/\/www.abchukuk.com\/index.php\/wp-json\/wp\/v2\/posts\/28366\/revisions"}],"wp:attachment":[{"href":"https:\/\/www.abchukuk.com\/index.php\/wp-json\/wp\/v2\/media?parent=28366"}],"wp:term":[{"taxonomy":"category","embeddable":true,"href":"https:\/\/www.abchukuk.com\/index.php\/wp-json\/wp\/v2\/categories?post=28366"},{"taxonomy":"post_tag","embeddable":true,"href":"https:\/\/www.abchukuk.com\/index.php\/wp-json\/wp\/v2\/tags?post=28366"}],"curies":[{"name":"wp","href":"https:\/\/api.w.org\/{rel}","templated":true}]}}