{"id":28355,"date":"2026-05-03T09:43:00","date_gmt":"2026-05-03T09:43:00","guid":{"rendered":"https:\/\/www.abchukuk.com\/index.php\/2026\/05\/03\/amedspor-kutlamalarinda-11-yarali-10-gozalti\/"},"modified":"2026-05-03T09:43:00","modified_gmt":"2026-05-03T09:43:00","slug":"amedspor-kutlamalarinda-11-yarali-10-gozalti","status":"publish","type":"post","link":"https:\/\/www.abchukuk.com\/index.php\/2026\/05\/03\/amedspor-kutlamalarinda-11-yarali-10-gozalti\/","title":{"rendered":"Amedspor Kutlamalar\u0131nda 11 Yaral\u0131, 10 G\u00f6zalt\u0131"},"content":{"rendered":"<p><a href=\"https:\/\/www.gercekgundem.com\/guncel\/amedspor-kutlamalarinda-11-yarali-10-gozalti-570827\"><br \/>\n                                                            <img decoding=\"async\" src=\"https:\/\/i.gercekgundem.com\/2\/150\/84\/storage\/files\/images\/2026\/05\/03\/amedspor-kutlamalarinda-11-yarali-10-gozalti-xozc.jpg\" width=\"150\" height=\"84\" border=\"0\" align=\"right\" \/><br \/>\n                                                    <\/a><\/p>\n<h4>Amedspor\u2019un S\u00fcper Lig\u2019e y\u00fckseli\u015fini kutlamak i\u00e7in soka\u011fa d\u00f6k\u00fclen binlerce ki\u015finin sevinci, &#8216;yorgun mermi&#8217; ve havai fi\u015fek kazalar\u0131yla g\u00f6lgelendi. Diyarbak\u0131r Valili\u011fi, kutlamalarda 3\u2019\u00fc \u00e7ocuk 11 ki\u015finin yaraland\u0131\u011f\u0131n\u0131 ve olaylarla ba\u011flant\u0131l\u0131 10 \u015f\u00fcphelinin g\u00f6zalt\u0131na al\u0131nd\u0131\u011f\u0131n\u0131 duyurdu.<\/h4>\n<p>Amedspor\u2019un S\u00fcper Lig\u2019e y\u00fckseli\u015fini kutlamak i\u00e7in soka\u011fa d\u00f6k\u00fclen binlerce ki\u015finin sevinci, &#8216;yorgun mermi&#8217; ve havai fi\u015fek kazalar\u0131yla g\u00f6lgelendi. Diyarbak\u0131r Valili\u011fi, kutlamalarda 3\u2019\u00fc \u00e7ocuk 11 ki\u015finin yaraland\u0131\u011f\u0131n\u0131 ve olaylarla ba\u011flant\u0131l\u0131 10 \u015f\u00fcphelinin g\u00f6zalt\u0131na al\u0131nd\u0131\u011f\u0131n\u0131 duyurdu.\u00a0<a href=\"https:\/\/www.gercekgundem.com\/guncel\/amedspor-kutlamalarinda-11-yarali-10-gozalti-570827\" target=\"_blank\" class=\"feedzy-rss-link-icon\">Read More<\/a><\/p>","protected":false},"excerpt":{"rendered":"<p>Amedspor\u2019un S\u00fcper Lig\u2019e y\u00fckseli\u015fini kutlamak i\u00e7in soka\u011fa d\u00f6k\u00fclen binlerce ki\u015finin sevinci, &#8216;yorgun mermi&#8217; ve havai fi\u015fek kazalar\u0131yla g\u00f6lgelendi. Diyarbak\u0131r Valili\u011fi, kutlamalarda 3\u2019\u00fc \u00e7ocuk 11 ki\u015finin yaraland\u0131\u011f\u0131n\u0131 ve olaylarla ba\u011flant\u0131l\u0131 10 \u015f\u00fcphelinin g\u00f6zalt\u0131na al\u0131nd\u0131\u011f\u0131n\u0131 duyurdu. Amedspor\u2019un S\u00fcper Lig\u2019e y\u00fckseli\u015fini kutlamak i\u00e7in soka\u011fa d\u00f6k\u00fclen binlerce ki\u015finin sevinci, &#8216;yorgun mermi&#8217; ve havai fi\u015fek kazalar\u0131yla g\u00f6lgelendi. Diyarbak\u0131r Valili\u011fi, kutlamalarda [&hellip;]<\/p>\n","protected":false},"author":1,"featured_media":28356,"comment_status":"open","ping_status":"open","sticky":false,"template":"","format":"standard","meta":{"footnotes":"","_links_to":"","_links_to_target":""},"categories":[1],"tags":[],"class_list":["post-28355","post","type-post","status-publish","format-standard","has-post-thumbnail","hentry","category-haberler"],"_links":{"self":[{"href":"https:\/\/www.abchukuk.com\/index.php\/wp-json\/wp\/v2\/posts\/28355","targetHints":{"allow":["GET"]}}],"collection":[{"href":"https:\/\/www.abchukuk.com\/index.php\/wp-json\/wp\/v2\/posts"}],"about":[{"href":"https:\/\/www.abchukuk.com\/index.php\/wp-json\/wp\/v2\/types\/post"}],"author":[{"embeddable":true,"href":"https:\/\/www.abchukuk.com\/index.php\/wp-json\/wp\/v2\/users\/1"}],"replies":[{"embeddable":true,"href":"https:\/\/www.abchukuk.com\/index.php\/wp-json\/wp\/v2\/comments?post=28355"}],"version-history":[{"count":0,"href":"https:\/\/www.abchukuk.com\/index.php\/wp-json\/wp\/v2\/posts\/28355\/revisions"}],"wp:featuredmedia":[{"embeddable":true,"href":"https:\/\/www.abchukuk.com\/index.php\/wp-json\/wp\/v2\/media\/28356"}],"wp:attachment":[{"href":"https:\/\/www.abchukuk.com\/index.php\/wp-json\/wp\/v2\/media?parent=28355"}],"wp:term":[{"taxonomy":"category","embeddable":true,"href":"https:\/\/www.abchukuk.com\/index.php\/wp-json\/wp\/v2\/categories?post=28355"},{"taxonomy":"post_tag","embeddable":true,"href":"https:\/\/www.abchukuk.com\/index.php\/wp-json\/wp\/v2\/tags?post=28355"}],"curies":[{"name":"wp","href":"https:\/\/api.w.org\/{rel}","templated":true}]}}